{"id":284592,"date":"2023-01-28T13:39:18","date_gmt":"2023-01-28T11:39:18","guid":{"rendered":"http:\/\/107.6.182.27\/es\/?p=284592"},"modified":"2023-01-28T13:39:18","modified_gmt":"2023-01-28T11:39:18","slug":"un-civil-resulta-herido-por-bombardeo-ucraniano-contra-donetsk","status":"publish","type":"post","link":"https:\/\/archive.sana.sy\/es\/?p=284592","title":{"rendered":"Un civil resulta herido por bombardeo ucraniano contra Donetsk"},"content":{"rendered":"<blockquote>\n<p style=\"text-align: justify;\"><span style=\"color: #000000;\"><em><strong>Seg\u00fan divulg\u00f3 la agencia Novosti, el r\u00e9gimen de Kiev atac\u00f3 durante las \u00faltimas 24 horas a Donetsk con alrededor de 195 misiles y proyectiles de 152 y 155 mm, lo que caus\u00f3 lesiones a una persona, adem\u00e1s de da\u00f1os materiales.<\/strong><\/em><\/span><\/p>\n<\/blockquote>\n<p style=\"text-align: justify;\"><span style=\"color: #800000;\"><strong>Donetsk, 28 ene (SANA)<\/strong> <\/span>Una persona result\u00f3 herida y 13 edificios residenciales e instalaciones de infraestructura sufrieron da\u00f1os como resultado del bombardeo de las fuerzas del r\u00e9gimen ucraniano contra Donetsk.<\/p>\n<p style=\"text-align: justify;\">Seg\u00fan divulg\u00f3 la agencia Novosti, el r\u00e9gimen de Kiev atac\u00f3 durante las \u00faltimas 24 horas a Donetsk con alrededor de 195 misiles y proyectiles de 152 y 155 mm, lo que caus\u00f3 lesiones a una persona, adem\u00e1s de da\u00f1os materiales.<\/p>\n<p style=\"text-align: justify;\">Almacenes de granos y equipos agr\u00edcolas resultaron da\u00f1ados por el bombardeo, mientras otro ataque con cuatro cohetes HIMARS apunt\u00f3 contra la ciudad de Novo Aidar, informaron las autoridades de la Rep\u00fablica Popular de Luhansk dijeron.<\/p>\n<p style=\"text-align: justify;\">Por otro lado, el asesor del presidente interino de la Rep\u00fablica de Donetsk, Jan Ganin, afirm\u00f3 que las unidades rusas controlan ya las partes este y sureste de las afueras de la ciudad de Ulgedar.<\/p>\n<p style=\"text-align: justify;\">as\/fm<\/p>\n","protected":false},"excerpt":{"rendered":"<p>Seg\u00fan divulg\u00f3 la agencia Novosti, el r\u00e9gimen de Kiev atac\u00f3 durante las \u00faltimas 24 horas a Donetsk con alrededor de 195 misiles y proyectiles de 152 y 155 mm, lo que caus\u00f3 lesiones a una persona, adem\u00e1s de da\u00f1os materiales. Donetsk, 28 ene (SANA) Una persona result\u00f3 herida y 13 edificios residenciales e instalaciones de &hellip;<\/p>\n","protected":false},"author":42,"featured_media":284593,"comment_status":"closed","ping_status":"closed","sticky":false,"template":"","format":"standard","meta":{"footnotes":""},"categories":[597,456,16687,20724,7541],"tags":[],"class_list":["post-284592","post","type-post","status-publish","format-standard","has-post-thumbnail","","category-cinta-de-noticias","category-arabe-internacional-politica","category-internacionales","category-minuto-a-minuto","category-ultimas-noticias"],"_links":{"self":[{"href":"https:\/\/archive.sana.sy\/es\/index.php?rest_route=\/wp\/v2\/posts\/284592"}],"collection":[{"href":"https:\/\/archive.sana.sy\/es\/index.php?rest_route=\/wp\/v2\/posts"}],"about":[{"href":"https:\/\/archive.sana.sy\/es\/index.php?rest_route=\/wp\/v2\/types\/post"}],"author":[{"embeddable":true,"href":"https:\/\/archive.sana.sy\/es\/index.php?rest_route=\/wp\/v2\/users\/42"}],"replies":[{"embeddable":true,"href":"https:\/\/archive.sana.sy\/es\/index.php?rest_route=%2Fwp%2Fv2%2Fcomments&post=284592"}],"version-history":[{"count":0,"href":"https:\/\/archive.sana.sy\/es\/index.php?rest_route=\/wp\/v2\/posts\/284592\/revisions"}],"wp:featuredmedia":[{"embeddable":true,"href":"https:\/\/archive.sana.sy\/es\/index.php?rest_route=\/wp\/v2\/media\/284593"}],"wp:attachment":[{"href":"https:\/\/archive.sana.sy\/es\/index.php?rest_route=%2Fwp%2Fv2%2Fmedia&parent=284592"}],"wp:term":[{"taxonomy":"category","embeddable":true,"href":"https:\/\/archive.sana.sy\/es\/index.php?rest_route=%2Fwp%2Fv2%2Fcategories&post=284592"},{"taxonomy":"post_tag","embeddable":true,"href":"https:\/\/archive.sana.sy\/es\/index.php?rest_route=%2Fwp%2Fv2%2Ftags&post=284592"}],"curies":[{"name":"wp","href":"https:\/\/api.w.org\/{rel}","templated":true}]}}