{"id":284651,"date":"2023-01-28T17:30:11","date_gmt":"2023-01-28T15:30:11","guid":{"rendered":"http:\/\/107.6.182.27\/es\/?p=284651"},"modified":"2023-01-28T18:18:08","modified_gmt":"2023-01-28T16:18:08","slug":"14-muertos-por-bombardeo-ucraniano-contra-un-hospital-en-rusia","status":"publish","type":"post","link":"https:\/\/archive.sana.sy\/es\/?p=284651","title":{"rendered":"14 muertos por bombardeo ucraniano contra un hospital en Rusia"},"content":{"rendered":"<p style=\"text-align: justify;\"><span style=\"color: #800000;\"><strong>Mosc\u00fa, 28 ene (SANA)\u00a0 \u00a0<\/strong><\/span>Al menos 14 personas murieron y 24 resultaron heridos por un bombardeo ucraniano contra un hospital de la ciudad rusa de Novoaidar.<\/p>\n<p style=\"text-align: justify;\">El bombardeo se realiz\u00f3 con sistemas de misiles estadounidenses Himars.<\/p>\n<p style=\"text-align: justify;\">\u201cEl ataque es un crimen de guerra inequ\u00edvocamente grave por parte del r\u00e9gimen de Kiev\u201d, asever\u00f3 el Ministerio de Defensa de Rusia.<\/p>\n<p style=\"text-align: justify;\">Desde Mosc\u00fa aseguraron que todos los involucrados en la planificaci\u00f3n y la implementaci\u00f3n del ataque ser\u00e1n encontrados y pagar\u00e1n por el crimen.<\/p>\n<p style=\"text-align: justify;\">rr\/fm<\/p>\n","protected":false},"excerpt":{"rendered":"<p>Mosc\u00fa, 28 ene (SANA)\u00a0 \u00a0Al menos 14 personas murieron y 24 resultaron heridos por un bombardeo ucraniano contra un hospital de la ciudad rusa de Novoaidar. El bombardeo se realiz\u00f3 con sistemas de misiles estadounidenses Himars. \u201cEl ataque es un crimen de guerra inequ\u00edvocamente grave por parte del r\u00e9gimen de Kiev\u201d, asever\u00f3 el Ministerio de &hellip;<\/p>\n","protected":false},"author":31,"featured_media":284656,"comment_status":"closed","ping_status":"closed","sticky":false,"template":"","format":"standard","meta":{"footnotes":""},"categories":[597,456,16687,7541],"tags":[],"class_list":["post-284651","post","type-post","status-publish","format-standard","has-post-thumbnail","","category-cinta-de-noticias","category-arabe-internacional-politica","category-internacionales","category-ultimas-noticias"],"_links":{"self":[{"href":"https:\/\/archive.sana.sy\/es\/index.php?rest_route=\/wp\/v2\/posts\/284651"}],"collection":[{"href":"https:\/\/archive.sana.sy\/es\/index.php?rest_route=\/wp\/v2\/posts"}],"about":[{"href":"https:\/\/archive.sana.sy\/es\/index.php?rest_route=\/wp\/v2\/types\/post"}],"author":[{"embeddable":true,"href":"https:\/\/archive.sana.sy\/es\/index.php?rest_route=\/wp\/v2\/users\/31"}],"replies":[{"embeddable":true,"href":"https:\/\/archive.sana.sy\/es\/index.php?rest_route=%2Fwp%2Fv2%2Fcomments&post=284651"}],"version-history":[{"count":0,"href":"https:\/\/archive.sana.sy\/es\/index.php?rest_route=\/wp\/v2\/posts\/284651\/revisions"}],"wp:featuredmedia":[{"embeddable":true,"href":"https:\/\/archive.sana.sy\/es\/index.php?rest_route=\/wp\/v2\/media\/284656"}],"wp:attachment":[{"href":"https:\/\/archive.sana.sy\/es\/index.php?rest_route=%2Fwp%2Fv2%2Fmedia&parent=284651"}],"wp:term":[{"taxonomy":"category","embeddable":true,"href":"https:\/\/archive.sana.sy\/es\/index.php?rest_route=%2Fwp%2Fv2%2Fcategories&post=284651"},{"taxonomy":"post_tag","embeddable":true,"href":"https:\/\/archive.sana.sy\/es\/index.php?rest_route=%2Fwp%2Fv2%2Ftags&post=284651"}],"curies":[{"name":"wp","href":"https:\/\/api.w.org\/{rel}","templated":true}]}}