{"id":284680,"date":"2023-01-28T20:40:37","date_gmt":"2023-01-28T18:40:37","guid":{"rendered":"http:\/\/107.6.182.27\/es\/?p=284680"},"modified":"2023-01-28T20:40:37","modified_gmt":"2023-01-28T18:40:37","slug":"medvedev-enviar-armas-occidentales-al-regimen-de-kiev-no-beneficiara-a-europa","status":"publish","type":"post","link":"https:\/\/archive.sana.sy\/es\/?p=284680","title":{"rendered":"Medvedev: Enviar armas occidentales al r\u00e9gimen de Kiev no beneficiar\u00e1 a Europa"},"content":{"rendered":"<p style=\"text-align: justify;\"><span style=\"color: #800000;\"><strong>Mosc\u00fa, 28 ene (SANA)\u00a0 \u00a0 <\/strong><\/span>El vicepresidente del Consejo de Seguridad de Rusia, Dmitry Medvedev, advirti\u00f3 que el suministro de armas al r\u00e9gimen de Kiev no beneficiar\u00e1 a Europa en caso de estallarse una Tercera Guerra Mundial.<\/p>\n<p style=\"text-align: justify;\">&#8220;Proteger a Ucrania no beneficiar\u00e1 a\u00a0 Europa, ni ayudar\u00e1 al mundo a evitar el castigo y pagar el precio&#8221;, dijo Medvedev en una entrevista con RIA Novosti.<\/p>\n<p style=\"text-align: justify;\">Critic\u00f3 las autoridades brit\u00e1nicas por insistir en la necesidad de que los pa\u00edses (OTAN) brinden ayuda militar a Kiev de inmediato y dijo: \u201cEnviar cazas, cientos de tanques y sistemas de misiles de largo alcance no impedir\u00e1 que Rusia complete los objetivos de su operaci\u00f3n, pero podr\u00eda conducir nuevamente al estallido de una guerra mundial\u201d.<\/p>\n<p style=\"text-align: justify;\">El jefe adjunto del Consejo de Seguridad de Rusia explic\u00f3 que no se puede contar la cantidad de tontos en las instituciones de poder en Europa.<\/p>\n<p style=\"text-align: justify;\">as\/fm\/rr<\/p>\n","protected":false},"excerpt":{"rendered":"<p>Mosc\u00fa, 28 ene (SANA)\u00a0 \u00a0 El vicepresidente del Consejo de Seguridad de Rusia, Dmitry Medvedev, advirti\u00f3 que el suministro de armas al r\u00e9gimen de Kiev no beneficiar\u00e1 a Europa en caso de estallarse una Tercera Guerra Mundial. &#8220;Proteger a Ucrania no beneficiar\u00e1 a\u00a0 Europa, ni ayudar\u00e1 al mundo a evitar el castigo y pagar el &hellip;<\/p>\n","protected":false},"author":31,"featured_media":284681,"comment_status":"closed","ping_status":"closed","sticky":false,"template":"","format":"standard","meta":{"footnotes":""},"categories":[456,16687],"tags":[],"class_list":["post-284680","post","type-post","status-publish","format-standard","has-post-thumbnail","","category-arabe-internacional-politica","category-internacionales"],"_links":{"self":[{"href":"https:\/\/archive.sana.sy\/es\/index.php?rest_route=\/wp\/v2\/posts\/284680"}],"collection":[{"href":"https:\/\/archive.sana.sy\/es\/index.php?rest_route=\/wp\/v2\/posts"}],"about":[{"href":"https:\/\/archive.sana.sy\/es\/index.php?rest_route=\/wp\/v2\/types\/post"}],"author":[{"embeddable":true,"href":"https:\/\/archive.sana.sy\/es\/index.php?rest_route=\/wp\/v2\/users\/31"}],"replies":[{"embeddable":true,"href":"https:\/\/archive.sana.sy\/es\/index.php?rest_route=%2Fwp%2Fv2%2Fcomments&post=284680"}],"version-history":[{"count":0,"href":"https:\/\/archive.sana.sy\/es\/index.php?rest_route=\/wp\/v2\/posts\/284680\/revisions"}],"wp:featuredmedia":[{"embeddable":true,"href":"https:\/\/archive.sana.sy\/es\/index.php?rest_route=\/wp\/v2\/media\/284681"}],"wp:attachment":[{"href":"https:\/\/archive.sana.sy\/es\/index.php?rest_route=%2Fwp%2Fv2%2Fmedia&parent=284680"}],"wp:term":[{"taxonomy":"category","embeddable":true,"href":"https:\/\/archive.sana.sy\/es\/index.php?rest_route=%2Fwp%2Fv2%2Fcategories&post=284680"},{"taxonomy":"post_tag","embeddable":true,"href":"https:\/\/archive.sana.sy\/es\/index.php?rest_route=%2Fwp%2Fv2%2Ftags&post=284680"}],"curies":[{"name":"wp","href":"https:\/\/api.w.org\/{rel}","templated":true}]}}