{"id":284683,"date":"2023-01-29T04:24:58","date_gmt":"2023-01-29T02:24:58","guid":{"rendered":"http:\/\/107.6.182.27\/es\/?p=284683"},"modified":"2023-01-29T04:24:58","modified_gmt":"2023-01-29T02:24:58","slug":"frustran-ataque-con-drones-contra-un-complejo-militar-en-iran","status":"publish","type":"post","link":"https:\/\/archive.sana.sy\/es\/?p=284683","title":{"rendered":"Frustran ataque con drones contra un complejo militar en Ir\u00e1n"},"content":{"rendered":"<blockquote>\n<p style=\"text-align: justify;\"><span style=\"color: #993300;\"><strong>&#8220;En la noche del 28 de enero de 2023, alrededor de las 23:30, se produjo un ataque con microdrones contra uno de los centros del Ministerio de Defensa, uno de ellos fue derribado, y los otros dos cayeron en trampas defensivas y explotaron&#8221;<\/strong><\/span><\/p>\n<\/blockquote>\n<p style=\"text-align: justify;\"><span style=\"color: #800000;\"><strong>Teher\u00e1n, 29 ene (SANA)<\/strong><\/span> El Ministerio de Defensa de Ir\u00e1n anunci\u00f3 hoy que las defensas antia\u00e9reas frustraron un ataque con drones contra un complejo militar, en la ciudad de Isfahan en el centro del pa\u00eds.<\/p>\n<p style=\"text-align: justify;\">&#8220;En la noche del 28 de enero de 2023, alrededor de las 23:30, se produjo un ataque con microdrones contra uno de los centros del Ministerio de Defensa, uno de ellos fue derribado, y los otros dos cayeron en trampas defensivas y explotaron&#8221;, inform\u00f3 el ente por medio de un comunicado oficial.<\/p>\n<p style=\"text-align: justify;\">Seg\u00fan el reporte, la agresi\u00f3n no dej\u00f3 v\u00edctimas, pero caus\u00f3 da\u00f1os menores en el tejado de la instalaci\u00f3n sin afectar los equipos y las misiones del complejo.<\/p>\n<p style=\"text-align: justify;\">\u201cEstas acciones ciegas no tendr\u00e1n efecto en la continuaci\u00f3n del progreso del pa\u00eds\u201d, subraya el documento emitido por el ente castrense.<\/p>\n<p style=\"text-align: justify;\">Teher\u00e1n denunci\u00f3 durante los \u00faltimos a\u00f1os una serie de incidentes y explosiones cerca de sitios sensibles de defensa y nucleares en dicha provincia, detr\u00e1s de los cuales est\u00e1 &#8220;Israel&#8221;.<\/p>\n<p style=\"text-align: justify;\">fm<\/p>\n","protected":false},"excerpt":{"rendered":"<p>&#8220;En la noche del 28 de enero de 2023, alrededor de las 23:30, se produjo un ataque con microdrones contra uno de los centros del Ministerio de Defensa, uno de ellos fue derribado, y los otros dos cayeron en trampas defensivas y explotaron&#8221; Teher\u00e1n, 29 ene (SANA) El Ministerio de Defensa de Ir\u00e1n anunci\u00f3 hoy &hellip;<\/p>\n","protected":false},"author":34,"featured_media":284684,"comment_status":"closed","ping_status":"closed","sticky":false,"template":"","format":"standard","meta":{"footnotes":""},"categories":[597,456,20724,7541],"tags":[],"class_list":["post-284683","post","type-post","status-publish","format-standard","has-post-thumbnail","","category-cinta-de-noticias","category-arabe-internacional-politica","category-minuto-a-minuto","category-ultimas-noticias"],"_links":{"self":[{"href":"https:\/\/archive.sana.sy\/es\/index.php?rest_route=\/wp\/v2\/posts\/284683"}],"collection":[{"href":"https:\/\/archive.sana.sy\/es\/index.php?rest_route=\/wp\/v2\/posts"}],"about":[{"href":"https:\/\/archive.sana.sy\/es\/index.php?rest_route=\/wp\/v2\/types\/post"}],"author":[{"embeddable":true,"href":"https:\/\/archive.sana.sy\/es\/index.php?rest_route=\/wp\/v2\/users\/34"}],"replies":[{"embeddable":true,"href":"https:\/\/archive.sana.sy\/es\/index.php?rest_route=%2Fwp%2Fv2%2Fcomments&post=284683"}],"version-history":[{"count":0,"href":"https:\/\/archive.sana.sy\/es\/index.php?rest_route=\/wp\/v2\/posts\/284683\/revisions"}],"wp:featuredmedia":[{"embeddable":true,"href":"https:\/\/archive.sana.sy\/es\/index.php?rest_route=\/wp\/v2\/media\/284684"}],"wp:attachment":[{"href":"https:\/\/archive.sana.sy\/es\/index.php?rest_route=%2Fwp%2Fv2%2Fmedia&parent=284683"}],"wp:term":[{"taxonomy":"category","embeddable":true,"href":"https:\/\/archive.sana.sy\/es\/index.php?rest_route=%2Fwp%2Fv2%2Fcategories&post=284683"},{"taxonomy":"post_tag","embeddable":true,"href":"https:\/\/archive.sana.sy\/es\/index.php?rest_route=%2Fwp%2Fv2%2Ftags&post=284683"}],"curies":[{"name":"wp","href":"https:\/\/api.w.org\/{rel}","templated":true}]}}