{"id":284714,"date":"2023-01-29T13:44:50","date_gmt":"2023-01-29T11:44:50","guid":{"rendered":"http:\/\/107.6.182.27\/es\/?p=284714"},"modified":"2023-01-29T13:44:50","modified_gmt":"2023-01-29T11:44:50","slug":"militares-israelies-arrestan-arbitrariamente-a-ocho-palestinos-en-cisjordania-2","status":"publish","type":"post","link":"https:\/\/archive.sana.sy\/es\/?p=284714","title":{"rendered":"Militares israel\u00edes arrestan arbitrariamente a ocho palestinos en Cisjordania"},"content":{"rendered":"<p style=\"text-align: justify;\"><span style=\"color: #800000;\"><strong>Jerusal\u00e9n ocupada, 29 ene (SANA)\u00a0 <\/strong><\/span>Las fuerzas de ocupaci\u00f3n israel\u00edes detuvieron a ocho palestinos en varios localidades de Cisjordania.<\/p>\n<p style=\"text-align: justify;\">Seg\u00fan inform\u00f3 la agencia palestina de noticias Wafa, los tropas sionistas asaltaron varios barrios de Jerusal\u00e9n y las localidades de Anata y Beit Amer, donde arrestaron a los ocho palestinos.<\/p>\n<p style=\"text-align: justify;\">La v\u00edspera, las fuerzas de ocupante arrestaron a m\u00e1s de 50 palestinos en Cisjordania.<\/p>\n<p style=\"text-align: justify;\">as\/fm<\/p>\n","protected":false},"excerpt":{"rendered":"<p>Jerusal\u00e9n ocupada, 29 ene (SANA)\u00a0 Las fuerzas de ocupaci\u00f3n israel\u00edes detuvieron a ocho palestinos en varios localidades de Cisjordania. Seg\u00fan inform\u00f3 la agencia palestina de noticias Wafa, los tropas sionistas asaltaron varios barrios de Jerusal\u00e9n y las localidades de Anata y Beit Amer, donde arrestaron a los ocho palestinos. La v\u00edspera, las fuerzas de ocupante &hellip;<\/p>\n","protected":false},"author":42,"featured_media":284715,"comment_status":"closed","ping_status":"closed","sticky":false,"template":"","format":"standard","meta":{"footnotes":""},"categories":[597,456,16687,20724,7541],"tags":[],"class_list":["post-284714","post","type-post","status-publish","format-standard","has-post-thumbnail","","category-cinta-de-noticias","category-arabe-internacional-politica","category-internacionales","category-minuto-a-minuto","category-ultimas-noticias"],"_links":{"self":[{"href":"https:\/\/archive.sana.sy\/es\/index.php?rest_route=\/wp\/v2\/posts\/284714"}],"collection":[{"href":"https:\/\/archive.sana.sy\/es\/index.php?rest_route=\/wp\/v2\/posts"}],"about":[{"href":"https:\/\/archive.sana.sy\/es\/index.php?rest_route=\/wp\/v2\/types\/post"}],"author":[{"embeddable":true,"href":"https:\/\/archive.sana.sy\/es\/index.php?rest_route=\/wp\/v2\/users\/42"}],"replies":[{"embeddable":true,"href":"https:\/\/archive.sana.sy\/es\/index.php?rest_route=%2Fwp%2Fv2%2Fcomments&post=284714"}],"version-history":[{"count":0,"href":"https:\/\/archive.sana.sy\/es\/index.php?rest_route=\/wp\/v2\/posts\/284714\/revisions"}],"wp:featuredmedia":[{"embeddable":true,"href":"https:\/\/archive.sana.sy\/es\/index.php?rest_route=\/wp\/v2\/media\/284715"}],"wp:attachment":[{"href":"https:\/\/archive.sana.sy\/es\/index.php?rest_route=%2Fwp%2Fv2%2Fmedia&parent=284714"}],"wp:term":[{"taxonomy":"category","embeddable":true,"href":"https:\/\/archive.sana.sy\/es\/index.php?rest_route=%2Fwp%2Fv2%2Fcategories&post=284714"},{"taxonomy":"post_tag","embeddable":true,"href":"https:\/\/archive.sana.sy\/es\/index.php?rest_route=%2Fwp%2Fv2%2Ftags&post=284714"}],"curies":[{"name":"wp","href":"https:\/\/api.w.org\/{rel}","templated":true}]}}