{"id":284737,"date":"2023-01-29T17:00:42","date_gmt":"2023-01-29T15:00:42","guid":{"rendered":"http:\/\/107.6.182.27\/es\/?p=284737"},"modified":"2023-01-29T17:00:42","modified_gmt":"2023-01-29T15:00:42","slug":"teheran-advierte-que-respondera-contundentemente-a-cualquier-accion-hostil-a-la-guardia-revolucionaria","status":"publish","type":"post","link":"https:\/\/archive.sana.sy\/es\/?p=284737","title":{"rendered":"Teher\u00e1n advierte que responder\u00e1 contundentemente a cualquier acci\u00f3n hostil a la Guardia Revolucionaria"},"content":{"rendered":"<p><span style=\"color: #800000;\"><strong>Teher\u00e1n, 29 ene (SANA)<\/strong> <\/span>El ministro de Relaciones Exteriores de Ir\u00e1n, Hussein Amir Abdullahian, anunci\u00f3 que su pa\u00eds responder\u00e1 de manera fuerte y dura en caso de que se tome alguna acci\u00f3n contra la Guardia Revolucionaria y que afecte al \u00f3rgano gobernante y al sector militar oficial de Ir\u00e1n\u201d.<\/p>\n<p>La agencia de noticias iran\u00ed IRNA cit\u00f3 a Abdollahian diciendo durante un encuentro con los diputados iran\u00edes sancionados por la Uni\u00f3n Europea, que \u201cla decisi\u00f3n del Parlamento Europeo muestra que no tienen un conocimiento correcto de Ir\u00e1n, ni siquiera de los iran\u00edes en el extranjero\u201d.<\/p>\n<p>El canciller se\u00f1al\u00f3 que las sanciones occidentales son en su mayor\u00eda mera propaganda y que la parte europea tom\u00f3 esta medida de manera ingenua.<\/p>\n<p>Los representantes del Parlamento Europeo acordaron incluir a la Guardia Revolucionaria en la lista de la Uni\u00f3n Europea de los denominados &#8220;grupos terroristas&#8221; aunque esta misi\u00f3n es del Consejo de Seguridad de la ONU en virtud del art\u00edculo 39 de la Carta de las Naciones Unidas.<\/p>\n<p>as\/fm<\/p>\n","protected":false},"excerpt":{"rendered":"<p>Teher\u00e1n, 29 ene (SANA) El ministro de Relaciones Exteriores de Ir\u00e1n, Hussein Amir Abdullahian, anunci\u00f3 que su pa\u00eds responder\u00e1 de manera fuerte y dura en caso de que se tome alguna acci\u00f3n contra la Guardia Revolucionaria y que afecte al \u00f3rgano gobernante y al sector militar oficial de Ir\u00e1n\u201d. La agencia de noticias iran\u00ed IRNA &hellip;<\/p>\n","protected":false},"author":42,"featured_media":284738,"comment_status":"closed","ping_status":"closed","sticky":false,"template":"","format":"standard","meta":{"footnotes":""},"categories":[597,456,16687,20724,7541],"tags":[],"class_list":["post-284737","post","type-post","status-publish","format-standard","has-post-thumbnail","","category-cinta-de-noticias","category-arabe-internacional-politica","category-internacionales","category-minuto-a-minuto","category-ultimas-noticias"],"_links":{"self":[{"href":"https:\/\/archive.sana.sy\/es\/index.php?rest_route=\/wp\/v2\/posts\/284737"}],"collection":[{"href":"https:\/\/archive.sana.sy\/es\/index.php?rest_route=\/wp\/v2\/posts"}],"about":[{"href":"https:\/\/archive.sana.sy\/es\/index.php?rest_route=\/wp\/v2\/types\/post"}],"author":[{"embeddable":true,"href":"https:\/\/archive.sana.sy\/es\/index.php?rest_route=\/wp\/v2\/users\/42"}],"replies":[{"embeddable":true,"href":"https:\/\/archive.sana.sy\/es\/index.php?rest_route=%2Fwp%2Fv2%2Fcomments&post=284737"}],"version-history":[{"count":0,"href":"https:\/\/archive.sana.sy\/es\/index.php?rest_route=\/wp\/v2\/posts\/284737\/revisions"}],"wp:featuredmedia":[{"embeddable":true,"href":"https:\/\/archive.sana.sy\/es\/index.php?rest_route=\/wp\/v2\/media\/284738"}],"wp:attachment":[{"href":"https:\/\/archive.sana.sy\/es\/index.php?rest_route=%2Fwp%2Fv2%2Fmedia&parent=284737"}],"wp:term":[{"taxonomy":"category","embeddable":true,"href":"https:\/\/archive.sana.sy\/es\/index.php?rest_route=%2Fwp%2Fv2%2Fcategories&post=284737"},{"taxonomy":"post_tag","embeddable":true,"href":"https:\/\/archive.sana.sy\/es\/index.php?rest_route=%2Fwp%2Fv2%2Ftags&post=284737"}],"curies":[{"name":"wp","href":"https:\/\/api.w.org\/{rel}","templated":true}]}}