{"id":284769,"date":"2023-01-30T09:42:23","date_gmt":"2023-01-30T07:42:23","guid":{"rendered":"http:\/\/107.6.182.27\/es\/?p=284769"},"modified":"2023-01-30T09:42:23","modified_gmt":"2023-01-30T07:42:23","slug":"olaf-scholz-declara-desde-chile-que-su-pais-impedira-un-enfrentamiento-entre-rusia-y-la-otan","status":"publish","type":"post","link":"https:\/\/archive.sana.sy\/es\/?p=284769","title":{"rendered":"Olaf Scholz declara desde Chile que su pa\u00eds impedir\u00e1 un enfrentamiento entre Rusia y la OTAN"},"content":{"rendered":"<p style=\"text-align: justify;\"><span style=\"color: #800000;\"><strong>Santiago de Chile, 30 ene (SANA)\u00a0<\/strong><\/span> El canciller federal de Alemania, Olaf Scholz, declar\u00f3 que su pa\u00eds no permitir\u00e1 que la guerra en Ucrania se convierta en un conflicto entre Rusia y la OTAN.<\/p>\n<p>Scholz lleg\u00f3 a Chile el domingo como parte de su gira por varios pa\u00edses latinoamericanos y fue recibido por el jefe de Estado de la naci\u00f3n suramericana, Gabriel Boric.<\/p>\n<p>Dijo que el Estado alem\u00e1n hizo un esfuerzo para impedir una escalada del conflicto por ello tendr\u00eda consecuencias graves para el mundo entero, ya que podr\u00eda estallar un enfrentamiento militar entre Rusia y los pa\u00edses de la OTAN, seg\u00fan inform\u00f3 AFP.<\/p>\n<p>Aleg\u00f3 que \u00e9l y el presidente estadounidense, Joe Biden, rechazan enviar tropas a Ucrania.<\/p>\n<p><em><strong>ws\/fm<\/strong><\/em><\/p>\n","protected":false},"excerpt":{"rendered":"<p>Santiago de Chile, 30 ene (SANA)\u00a0 El canciller federal de Alemania, Olaf Scholz, declar\u00f3 que su pa\u00eds no permitir\u00e1 que la guerra en Ucrania se convierta en un conflicto entre Rusia y la OTAN. Scholz lleg\u00f3 a Chile el domingo como parte de su gira por varios pa\u00edses latinoamericanos y fue recibido por el jefe &hellip;<\/p>\n","protected":false},"author":35,"featured_media":284770,"comment_status":"closed","ping_status":"closed","sticky":false,"template":"","format":"standard","meta":{"footnotes":""},"categories":[597,456,16687,20724,7541],"tags":[],"class_list":["post-284769","post","type-post","status-publish","format-standard","has-post-thumbnail","","category-cinta-de-noticias","category-arabe-internacional-politica","category-internacionales","category-minuto-a-minuto","category-ultimas-noticias"],"_links":{"self":[{"href":"https:\/\/archive.sana.sy\/es\/index.php?rest_route=\/wp\/v2\/posts\/284769"}],"collection":[{"href":"https:\/\/archive.sana.sy\/es\/index.php?rest_route=\/wp\/v2\/posts"}],"about":[{"href":"https:\/\/archive.sana.sy\/es\/index.php?rest_route=\/wp\/v2\/types\/post"}],"author":[{"embeddable":true,"href":"https:\/\/archive.sana.sy\/es\/index.php?rest_route=\/wp\/v2\/users\/35"}],"replies":[{"embeddable":true,"href":"https:\/\/archive.sana.sy\/es\/index.php?rest_route=%2Fwp%2Fv2%2Fcomments&post=284769"}],"version-history":[{"count":0,"href":"https:\/\/archive.sana.sy\/es\/index.php?rest_route=\/wp\/v2\/posts\/284769\/revisions"}],"wp:featuredmedia":[{"embeddable":true,"href":"https:\/\/archive.sana.sy\/es\/index.php?rest_route=\/wp\/v2\/media\/284770"}],"wp:attachment":[{"href":"https:\/\/archive.sana.sy\/es\/index.php?rest_route=%2Fwp%2Fv2%2Fmedia&parent=284769"}],"wp:term":[{"taxonomy":"category","embeddable":true,"href":"https:\/\/archive.sana.sy\/es\/index.php?rest_route=%2Fwp%2Fv2%2Fcategories&post=284769"},{"taxonomy":"post_tag","embeddable":true,"href":"https:\/\/archive.sana.sy\/es\/index.php?rest_route=%2Fwp%2Fv2%2Ftags&post=284769"}],"curies":[{"name":"wp","href":"https:\/\/api.w.org\/{rel}","templated":true}]}}