{"id":284772,"date":"2023-01-30T10:46:31","date_gmt":"2023-01-30T08:46:31","guid":{"rendered":"https:\/\/sana.sy\/es\/?p=284772"},"modified":"2023-01-30T10:48:51","modified_gmt":"2023-01-30T08:48:51","slug":"continuo-apoyo-occidental-a-ucrania-con-armas-podria-conducir-a-una-guerra-mundial","status":"publish","type":"post","link":"https:\/\/archive.sana.sy\/es\/?p=284772","title":{"rendered":"Continuo apoyo occidental a Ucrania con armas podr\u00eda conducir a una guerra mundial"},"content":{"rendered":"<blockquote>\n<p style=\"text-align: justify;\"><span style=\"color: #ff0000;\"><strong>El ex primer ministro eslovaco, Robert Fico, subray\u00f3 que las acciones de algunos pa\u00edses de Uni\u00f3n Europea se convierten en una locura al escalar la guerra en Ucrania por orden de Estados Unidos.<\/strong><\/span><\/p>\n<\/blockquote>\n<p style=\"text-align: justify;\"><span style=\"color: #800000;\"><strong>Bratislava, 30 ene (SANA)<\/strong><\/span>\u00a0 El ex primer ministro eslovaco, Robert Fico, subray\u00f3 que las acciones de algunos pa\u00edses de Uni\u00f3n Europea se convierten en una locura al escalar la guerra en Ucrania por orden de Estados Unidos.<\/p>\n<p style=\"text-align: justify;\">Fico advirti\u00f3 que continuar enviando armas a Kiev podr\u00eda estallar una guerra mundial.<\/p>\n<p style=\"text-align: justify;\">En una entrevista televisada que public\u00f3 en su sitio web, Fitso, el l\u00edder del Partido Socialdem\u00f3crata de Samir, agreg\u00f3 que si su partido gana las elecciones parlamentarias anticipadas que celebrar\u00e1n este a\u00f1o, dejar\u00e1 de enviar cualquier tipo de armas desde Eslovaquia a Ucrania.<\/p>\n<p style=\"text-align: justify;\">Se\u00f1al\u00f3 que su pa\u00eds no quiere involucrarse en ninguna guerra, especialmente contra Rusia.<\/p>\n<p style=\"text-align: justify;\"><em><strong>ws\/fm<\/strong><\/em><\/p>\n","protected":false},"excerpt":{"rendered":"<p>El ex primer ministro eslovaco, Robert Fico, subray\u00f3 que las acciones de algunos pa\u00edses de Uni\u00f3n Europea se convierten en una locura al escalar la guerra en Ucrania por orden de Estados Unidos. Bratislava, 30 ene (SANA)\u00a0 El ex primer ministro eslovaco, Robert Fico, subray\u00f3 que las acciones de algunos pa\u00edses de Uni\u00f3n Europea se &hellip;<\/p>\n","protected":false},"author":35,"featured_media":284773,"comment_status":"closed","ping_status":"closed","sticky":false,"template":"","format":"standard","meta":{"footnotes":""},"categories":[597,456,16687,20724,7541],"tags":[],"class_list":["post-284772","post","type-post","status-publish","format-standard","has-post-thumbnail","","category-cinta-de-noticias","category-arabe-internacional-politica","category-internacionales","category-minuto-a-minuto","category-ultimas-noticias"],"_links":{"self":[{"href":"https:\/\/archive.sana.sy\/es\/index.php?rest_route=\/wp\/v2\/posts\/284772"}],"collection":[{"href":"https:\/\/archive.sana.sy\/es\/index.php?rest_route=\/wp\/v2\/posts"}],"about":[{"href":"https:\/\/archive.sana.sy\/es\/index.php?rest_route=\/wp\/v2\/types\/post"}],"author":[{"embeddable":true,"href":"https:\/\/archive.sana.sy\/es\/index.php?rest_route=\/wp\/v2\/users\/35"}],"replies":[{"embeddable":true,"href":"https:\/\/archive.sana.sy\/es\/index.php?rest_route=%2Fwp%2Fv2%2Fcomments&post=284772"}],"version-history":[{"count":0,"href":"https:\/\/archive.sana.sy\/es\/index.php?rest_route=\/wp\/v2\/posts\/284772\/revisions"}],"wp:featuredmedia":[{"embeddable":true,"href":"https:\/\/archive.sana.sy\/es\/index.php?rest_route=\/wp\/v2\/media\/284773"}],"wp:attachment":[{"href":"https:\/\/archive.sana.sy\/es\/index.php?rest_route=%2Fwp%2Fv2%2Fmedia&parent=284772"}],"wp:term":[{"taxonomy":"category","embeddable":true,"href":"https:\/\/archive.sana.sy\/es\/index.php?rest_route=%2Fwp%2Fv2%2Fcategories&post=284772"},{"taxonomy":"post_tag","embeddable":true,"href":"https:\/\/archive.sana.sy\/es\/index.php?rest_route=%2Fwp%2Fv2%2Ftags&post=284772"}],"curies":[{"name":"wp","href":"https:\/\/api.w.org\/{rel}","templated":true}]}}