{"id":284801,"date":"2023-01-30T13:49:38","date_gmt":"2023-01-30T11:49:38","guid":{"rendered":"https:\/\/sana.sy\/es\/?p=284801"},"modified":"2023-01-30T13:50:40","modified_gmt":"2023-01-30T11:50:40","slug":"siria-condena-ataque-fallido-con-drones-contra-un-complejo-industrial-de-defensa-irani","status":"publish","type":"post","link":"https:\/\/archive.sana.sy\/es\/?p=284801","title":{"rendered":"Siria condena ataque fallido con drones contra un complejo industrial de defensa iran\u00ed"},"content":{"rendered":"<blockquote>\n<p style=\"text-align: justify;\"><span style=\"color: #ff0000;\"><strong>Por medio de un comunicado publicado en su cuenta en Twitter, el Ministerio de Asuntos Exteriores y Expatriados conden\u00f3 la acci\u00f3n contra uno de los complejos de la industria de defensa iran\u00edes en Isfah\u00e1n y expres\u00f3 su solidaridad con el liderazgo, gobierno, ej\u00e9rcito y pueblo de Ir\u00e1n.<\/strong><\/span><\/p>\n<\/blockquote>\n<p style=\"text-align: justify;\"><span style=\"color: #800000;\"><strong>Damasco, 30 ene (SANA)<\/strong><\/span>\u00a0 Siria conden\u00f3 hoy el intento fallido de atacar un complejo de la industria de defensa iran\u00ed y exigi\u00f3 que se castiguen los autores de este crimen.<\/p>\n<p>Por medio de un comunicado publicado en su cuenta en Twitter, el Ministerio de Asuntos Exteriores y Expatriados conden\u00f3 la acci\u00f3n contra uno de los complejos de la industria de defensa iran\u00edes en Isfah\u00e1n y expres\u00f3 su solidaridad con el liderazgo, gobierno, ej\u00e9rcito y pueblo de Ir\u00e1n.<\/p>\n<p>Asever\u00f3 que estas provocaciones tienen como objetivo la seguridad, fortaleza, posiciones y prosperidad de Ir\u00e1n, as\u00ed atentan contra la seguridad y estabilidad de la regi\u00f3n.<\/p>\n<p>Siria pide que se castiguen los autores de este crimen porque amenaza la seguridad y estabilidad en la regi\u00f3n y el mundo, agreg\u00f3 Canciller\u00eda.<\/p>\n<p>El Ministerio de Defensa de Ir\u00e1n anunci\u00f3 la v\u00edspera que las defensas antia\u00e9reas frustraron un ataque con drones contra un complejo militar, en la ciudad de Isfahan en el centro del pa\u00eds.<\/p>\n<p>La agresi\u00f3n no dej\u00f3 v\u00edctimas, pero caus\u00f3 da\u00f1os menores en el tejado de la instalaci\u00f3n sin afectar los equipos y las misiones del complejo.<\/p>\n<p style=\"text-align: justify;\"><em><strong>fm\/ws<\/strong><\/em><\/p>\n","protected":false},"excerpt":{"rendered":"<p>Por medio de un comunicado publicado en su cuenta en Twitter, el Ministerio de Asuntos Exteriores y Expatriados conden\u00f3 la acci\u00f3n contra uno de los complejos de la industria de defensa iran\u00edes en Isfah\u00e1n y expres\u00f3 su solidaridad con el liderazgo, gobierno, ej\u00e9rcito y pueblo de Ir\u00e1n. Damasco, 30 ene (SANA)\u00a0 Siria conden\u00f3 hoy el &hellip;<\/p>\n","protected":false},"author":35,"featured_media":284803,"comment_status":"closed","ping_status":"closed","sticky":false,"template":"","format":"standard","meta":{"footnotes":""},"categories":[477,597,20724,476,583],"tags":[],"class_list":["post-284801","post","type-post","status-publish","format-standard","has-post-thumbnail","","category-noticias-edulcorantes","category-cinta-de-noticias","category-minuto-a-minuto","category-locales","category-slide"],"_links":{"self":[{"href":"https:\/\/archive.sana.sy\/es\/index.php?rest_route=\/wp\/v2\/posts\/284801"}],"collection":[{"href":"https:\/\/archive.sana.sy\/es\/index.php?rest_route=\/wp\/v2\/posts"}],"about":[{"href":"https:\/\/archive.sana.sy\/es\/index.php?rest_route=\/wp\/v2\/types\/post"}],"author":[{"embeddable":true,"href":"https:\/\/archive.sana.sy\/es\/index.php?rest_route=\/wp\/v2\/users\/35"}],"replies":[{"embeddable":true,"href":"https:\/\/archive.sana.sy\/es\/index.php?rest_route=%2Fwp%2Fv2%2Fcomments&post=284801"}],"version-history":[{"count":0,"href":"https:\/\/archive.sana.sy\/es\/index.php?rest_route=\/wp\/v2\/posts\/284801\/revisions"}],"wp:featuredmedia":[{"embeddable":true,"href":"https:\/\/archive.sana.sy\/es\/index.php?rest_route=\/wp\/v2\/media\/284803"}],"wp:attachment":[{"href":"https:\/\/archive.sana.sy\/es\/index.php?rest_route=%2Fwp%2Fv2%2Fmedia&parent=284801"}],"wp:term":[{"taxonomy":"category","embeddable":true,"href":"https:\/\/archive.sana.sy\/es\/index.php?rest_route=%2Fwp%2Fv2%2Fcategories&post=284801"},{"taxonomy":"post_tag","embeddable":true,"href":"https:\/\/archive.sana.sy\/es\/index.php?rest_route=%2Fwp%2Fv2%2Ftags&post=284801"}],"curies":[{"name":"wp","href":"https:\/\/api.w.org\/{rel}","templated":true}]}}