{"id":284810,"date":"2023-01-30T14:19:45","date_gmt":"2023-01-30T12:19:45","guid":{"rendered":"https:\/\/sana.sy\/es\/?p=284810"},"modified":"2023-01-30T14:19:45","modified_gmt":"2023-01-30T12:19:45","slug":"mas-de-cinco-millones-de-refugiados-llegaron-a-rusia-desde-ucrania","status":"publish","type":"post","link":"https:\/\/archive.sana.sy\/es\/?p=284810","title":{"rendered":"M\u00e1s de cinco millones de refugiados llegaron a Rusia desde Ucrania"},"content":{"rendered":"<p style=\"text-align: justify;\"><strong>\u201cM\u00e1s de 5.2 millones de personas han llegado a Rusia, incluidos 733.000 ni\u00f1os\u201d, inform\u00f3 una fuente citada por la agencia de noticias TASS.<\/strong><\/p>\n<p><span style=\"color: #800000;\"><strong>Mosc\u00fa, 30 ene (SANA)\u00a0<\/strong> <\/span>\u00a0El Servicio de Seguridad de Rusia anunci\u00f3 que el n\u00famero de refugiados que llegaron a Rusia desde el territorio de Ucrania y el Donb\u00e1s a partir de febrero del 2022, super\u00f3 los 5 millones.<\/p>\n<p style=\"text-align: justify;\">\u201cM\u00e1s de 5.2 millones de personas han llegado a Rusia, incluidos 733.000 ni\u00f1os\u201d, inform\u00f3 una fuente citada por la agencia de noticias TASS.<\/p>\n<p style=\"text-align: justify;\">Diariamente, m\u00e1s de cuatro mil personas ingresan a Rusia donde se han organizado 897 refugios temporales para estos desplazados.<\/p>\n<p style=\"text-align: justify;\">ed\/fm<\/p>\n","protected":false},"excerpt":{"rendered":"<p>\u201cM\u00e1s de 5.2 millones de personas han llegado a Rusia, incluidos 733.000 ni\u00f1os\u201d, inform\u00f3 una fuente citada por la agencia de noticias TASS. Mosc\u00fa, 30 ene (SANA)\u00a0 \u00a0El Servicio de Seguridad de Rusia anunci\u00f3 que el n\u00famero de refugiados que llegaron a Rusia desde el territorio de Ucrania y el Donb\u00e1s a partir de febrero &hellip;<\/p>\n","protected":false},"author":32,"featured_media":284811,"comment_status":"closed","ping_status":"closed","sticky":false,"template":"","format":"standard","meta":{"footnotes":""},"categories":[597,456,16687,7541],"tags":[],"class_list":["post-284810","post","type-post","status-publish","format-standard","has-post-thumbnail","","category-cinta-de-noticias","category-arabe-internacional-politica","category-internacionales","category-ultimas-noticias"],"_links":{"self":[{"href":"https:\/\/archive.sana.sy\/es\/index.php?rest_route=\/wp\/v2\/posts\/284810"}],"collection":[{"href":"https:\/\/archive.sana.sy\/es\/index.php?rest_route=\/wp\/v2\/posts"}],"about":[{"href":"https:\/\/archive.sana.sy\/es\/index.php?rest_route=\/wp\/v2\/types\/post"}],"author":[{"embeddable":true,"href":"https:\/\/archive.sana.sy\/es\/index.php?rest_route=\/wp\/v2\/users\/32"}],"replies":[{"embeddable":true,"href":"https:\/\/archive.sana.sy\/es\/index.php?rest_route=%2Fwp%2Fv2%2Fcomments&post=284810"}],"version-history":[{"count":0,"href":"https:\/\/archive.sana.sy\/es\/index.php?rest_route=\/wp\/v2\/posts\/284810\/revisions"}],"wp:featuredmedia":[{"embeddable":true,"href":"https:\/\/archive.sana.sy\/es\/index.php?rest_route=\/wp\/v2\/media\/284811"}],"wp:attachment":[{"href":"https:\/\/archive.sana.sy\/es\/index.php?rest_route=%2Fwp%2Fv2%2Fmedia&parent=284810"}],"wp:term":[{"taxonomy":"category","embeddable":true,"href":"https:\/\/archive.sana.sy\/es\/index.php?rest_route=%2Fwp%2Fv2%2Fcategories&post=284810"},{"taxonomy":"post_tag","embeddable":true,"href":"https:\/\/archive.sana.sy\/es\/index.php?rest_route=%2Fwp%2Fv2%2Ftags&post=284810"}],"curies":[{"name":"wp","href":"https:\/\/api.w.org\/{rel}","templated":true}]}}