{"id":284821,"date":"2023-01-30T16:27:52","date_gmt":"2023-01-30T14:27:52","guid":{"rendered":"http:\/\/107.6.182.27\/es\/?p=284821"},"modified":"2023-01-30T16:27:52","modified_gmt":"2023-01-30T14:27:52","slug":"nuevas-figuras-destacadas-se-unen-a-la-campana-popular-arabe-e-internacional-para-levantar-el-asedio-a-siria","status":"publish","type":"post","link":"https:\/\/archive.sana.sy\/es\/?p=284821","title":{"rendered":"Nuevas figuras destacadas se unen a la Campa\u00f1a Popular \u00c1rabe e Internacional para Levantar el Asedio a Siria"},"content":{"rendered":"<p style=\"text-align: justify;\"><span style=\"color: #800000;\"><strong>Beirut, 30 ene (SANA)<\/strong><\/span> La Campa\u00f1a Popular \u00c1rabe e Internacional para Levantar el Asedio a Siria, anunci\u00f3 que 35 activistas, intelectuales y acad\u00e9micos \u00e1rabes se unieron a la campa\u00f1a.<\/p>\n<p style=\"text-align: justify;\">En este sentido, el coordinador de la Campa\u00f1a, Majdi Al-Maasrawi, explic\u00f3, este lunes, que \u201cla campa\u00f1a est\u00e1 preparando un estudio detallado sobre los efectos de este bloqueo ilegal, injusto e inhumano impuesto a Siria\u201d.<\/p>\n<p style=\"text-align: justify;\">Anteriormente, Al-Maasrawi declar\u00f3 que \u201cla Campa\u00f1a que se lanz\u00f3 el mes pasado, est\u00e1 siendo testigo de una notable respuesta de un gran n\u00famero de partidos, figuras pol\u00edticas e intelectuales de todo el mundo\u201d, agreg\u00f3.<\/p>\n<p style=\"text-align: justify;\">Adem\u00e1s, explic\u00f3 que el n\u00famero de personas que respondieron al llamado de la Campa\u00f1a durante las \u00faltimas tres semanas ascendi\u00f3 a 205 personalidades pol\u00edticas, culturales, acad\u00e9micas, partidistas, sindicales y periodistas \u00e1rabes e internacionales.<\/p>\n<p><em>mm<\/em><\/p>\n","protected":false},"excerpt":{"rendered":"<p>Beirut, 30 ene (SANA) La Campa\u00f1a Popular \u00c1rabe e Internacional para Levantar el Asedio a Siria, anunci\u00f3 que 35 activistas, intelectuales y acad\u00e9micos \u00e1rabes se unieron a la campa\u00f1a. En este sentido, el coordinador de la Campa\u00f1a, Majdi Al-Maasrawi, explic\u00f3, este lunes, que \u201cla campa\u00f1a est\u00e1 preparando un estudio detallado sobre los efectos de este &hellip;<\/p>\n","protected":false},"author":36,"featured_media":284825,"comment_status":"closed","ping_status":"closed","sticky":false,"template":"","format":"standard","meta":{"footnotes":""},"categories":[597,20724,467,7541],"tags":[],"class_list":["post-284821","post","type-post","status-publish","format-standard","has-post-thumbnail","","category-cinta-de-noticias","category-minuto-a-minuto","category-siria-y-el-mundo","category-ultimas-noticias"],"_links":{"self":[{"href":"https:\/\/archive.sana.sy\/es\/index.php?rest_route=\/wp\/v2\/posts\/284821"}],"collection":[{"href":"https:\/\/archive.sana.sy\/es\/index.php?rest_route=\/wp\/v2\/posts"}],"about":[{"href":"https:\/\/archive.sana.sy\/es\/index.php?rest_route=\/wp\/v2\/types\/post"}],"author":[{"embeddable":true,"href":"https:\/\/archive.sana.sy\/es\/index.php?rest_route=\/wp\/v2\/users\/36"}],"replies":[{"embeddable":true,"href":"https:\/\/archive.sana.sy\/es\/index.php?rest_route=%2Fwp%2Fv2%2Fcomments&post=284821"}],"version-history":[{"count":0,"href":"https:\/\/archive.sana.sy\/es\/index.php?rest_route=\/wp\/v2\/posts\/284821\/revisions"}],"wp:featuredmedia":[{"embeddable":true,"href":"https:\/\/archive.sana.sy\/es\/index.php?rest_route=\/wp\/v2\/media\/284825"}],"wp:attachment":[{"href":"https:\/\/archive.sana.sy\/es\/index.php?rest_route=%2Fwp%2Fv2%2Fmedia&parent=284821"}],"wp:term":[{"taxonomy":"category","embeddable":true,"href":"https:\/\/archive.sana.sy\/es\/index.php?rest_route=%2Fwp%2Fv2%2Fcategories&post=284821"},{"taxonomy":"post_tag","embeddable":true,"href":"https:\/\/archive.sana.sy\/es\/index.php?rest_route=%2Fwp%2Fv2%2Ftags&post=284821"}],"curies":[{"name":"wp","href":"https:\/\/api.w.org\/{rel}","templated":true}]}}