{"id":284830,"date":"2023-01-30T17:36:28","date_gmt":"2023-01-30T15:36:28","guid":{"rendered":"https:\/\/sana.sy\/es\/?p=284830"},"modified":"2023-01-30T17:36:28","modified_gmt":"2023-01-30T15:36:28","slug":"lula-expresa-su-postura-sobre-operacion-militar-especial-rusa-en-ucrania-y-afirma-que-su-lucha-es-contra-la-pobreza","status":"publish","type":"post","link":"https:\/\/archive.sana.sy\/es\/?p=284830","title":{"rendered":"Lula expresa su postura sobre operaci\u00f3n militar especial rusa en Ucrania, y afirma que su lucha es contra la pobreza"},"content":{"rendered":"<p style=\"text-align: justify;\"><strong><span style=\"color: #800000;\">Brasilia, 30 ene (SANA)\u00a0<\/span><\/strong><span style=\"color: #000000;\">El<\/span> presidente de Brasil, Luiz In\u00e1cio Lula da Silva, sostuvo una conversaci\u00f3n telef\u00f3nica con su hom\u00f3logo franc\u00e9s, Emmanuel Macron, en la que enfatiz\u00f3 que su pa\u00eds no formar\u00e1 parte de operaciones de guerra contra Rusia, pero que est\u00e1 dispuesto a comprometerse de forma activa para alcanzar la paz.<\/p>\n<p style=\"text-align: justify;\">Asimismo, el mandatario del gigante latinoamericano opin\u00f3 que para Brasil, &#8220;Rusia viol\u00f3 el territorio ucraniano, lo que es ilegal&#8221;, pero tambi\u00e9n que &#8220;la OTAN no ha contribuido en los \u00faltimos a\u00f1os a garantizar una relaci\u00f3n de confianza con el Kremlin&#8221;.<\/p>\n<p style=\"text-align: justify;\">Adem\u00e1s, subray\u00f3 que su lucha es &#8220;contra la pobreza&#8221;, y manifest\u00f3 el deseo de Brasilia de reforzar los v\u00ednculos con Par\u00eds tras cuatro a\u00f1os de tensas relaciones con el anterior gobierno de Jair Bolsonaro.<\/p>\n<p style=\"text-align: justify;\">sm\/mm<\/p>\n","protected":false},"excerpt":{"rendered":"<p>Brasilia, 30 ene (SANA)\u00a0El presidente de Brasil, Luiz In\u00e1cio Lula da Silva, sostuvo una conversaci\u00f3n telef\u00f3nica con su hom\u00f3logo franc\u00e9s, Emmanuel Macron, en la que enfatiz\u00f3 que su pa\u00eds no formar\u00e1 parte de operaciones de guerra contra Rusia, pero que est\u00e1 dispuesto a comprometerse de forma activa para alcanzar la paz. Asimismo, el mandatario del &hellip;<\/p>\n","protected":false},"author":39,"featured_media":284831,"comment_status":"closed","ping_status":"closed","sticky":false,"template":"","format":"standard","meta":{"footnotes":""},"categories":[597,456,16687,20724,7541],"tags":[],"class_list":["post-284830","post","type-post","status-publish","format-standard","has-post-thumbnail","","category-cinta-de-noticias","category-arabe-internacional-politica","category-internacionales","category-minuto-a-minuto","category-ultimas-noticias"],"_links":{"self":[{"href":"https:\/\/archive.sana.sy\/es\/index.php?rest_route=\/wp\/v2\/posts\/284830"}],"collection":[{"href":"https:\/\/archive.sana.sy\/es\/index.php?rest_route=\/wp\/v2\/posts"}],"about":[{"href":"https:\/\/archive.sana.sy\/es\/index.php?rest_route=\/wp\/v2\/types\/post"}],"author":[{"embeddable":true,"href":"https:\/\/archive.sana.sy\/es\/index.php?rest_route=\/wp\/v2\/users\/39"}],"replies":[{"embeddable":true,"href":"https:\/\/archive.sana.sy\/es\/index.php?rest_route=%2Fwp%2Fv2%2Fcomments&post=284830"}],"version-history":[{"count":0,"href":"https:\/\/archive.sana.sy\/es\/index.php?rest_route=\/wp\/v2\/posts\/284830\/revisions"}],"wp:featuredmedia":[{"embeddable":true,"href":"https:\/\/archive.sana.sy\/es\/index.php?rest_route=\/wp\/v2\/media\/284831"}],"wp:attachment":[{"href":"https:\/\/archive.sana.sy\/es\/index.php?rest_route=%2Fwp%2Fv2%2Fmedia&parent=284830"}],"wp:term":[{"taxonomy":"category","embeddable":true,"href":"https:\/\/archive.sana.sy\/es\/index.php?rest_route=%2Fwp%2Fv2%2Fcategories&post=284830"},{"taxonomy":"post_tag","embeddable":true,"href":"https:\/\/archive.sana.sy\/es\/index.php?rest_route=%2Fwp%2Fv2%2Ftags&post=284830"}],"curies":[{"name":"wp","href":"https:\/\/api.w.org\/{rel}","templated":true}]}}