{"id":284836,"date":"2023-01-30T18:03:49","date_gmt":"2023-01-30T16:03:49","guid":{"rendered":"http:\/\/107.6.182.27\/es\/?p=284836"},"modified":"2023-01-30T18:03:49","modified_gmt":"2023-01-30T16:03:49","slug":"cancilleria-irani-convoca-al-encargado-de-negocios-ucraniano-por-declaraciones-sobre-el-ataque-en-isfahan","status":"publish","type":"post","link":"https:\/\/archive.sana.sy\/es\/?p=284836","title":{"rendered":"Canciller\u00eda iran\u00ed convoca al encargado de negocios ucraniano por declaraciones sobre el ataque en Isfah\u00e1n"},"content":{"rendered":"<p style=\"text-align: justify;\"><span style=\"color: #800000;\"><strong>Teher\u00e1n, 30 ene (SANA)<\/strong> <\/span>La Canciller\u00eda iran\u00ed convoca este lunes al encargado de negocios de Ucrania por declaraciones del pa\u00eds europeo sobre un ataque frustrado a un taller militar en Isfah\u00e1n (centro de Ir\u00e1n).<\/p>\n<p style=\"text-align: justify;\">El Ministerio de Relaciones Exteriores de Ir\u00e1n ha tomado la medida para que el diplom\u00e1tico ucraniano explique sobre los comentarios controvertidos de Mykhailo Podolyak, el asesor del presidente ucraniano Volodimir Zelenski, sobre un reciente ataque de tres drones a un complejo de talleres del Ministerio de Defensa iran\u00ed situado en la ciudad de Isfah\u00e1n.<\/p>\n<p style=\"text-align: justify;\">Seg\u00fan el medio iran\u00ed Fars, las declaraciones del funcionario ucraniano publicadas a trav\u00e9s de Twitter podr\u00edan tomarse como la \u201caceptaci\u00f3n t\u00e1cita\u201d de la participaci\u00f3n de Kiev en el ataque al complejo militar iran\u00ed.<\/p>\n<p style=\"text-align: justify;\">Las alegaciones del alto asesor de Zelenski, se producen cuando el aliado de Ucrania, Israel, estar\u00eda claramente involucrado en el ataque frustrado.<\/p>\n<p style=\"text-align: justify;\">El peri\u00f3dico estadounidense Wall Street Journal dijo en un informe que \u201cIsrael llev\u00f3 a cabo el ataque con aviones no tripulados contra un centro militar iran\u00ed dise\u00f1ado para la investigaci\u00f3n y el desarrollo de los misiles bal\u00edsticos\u201d.<\/p>\n<p><em>mm<\/em><\/p>\n","protected":false},"excerpt":{"rendered":"<p>Teher\u00e1n, 30 ene (SANA) La Canciller\u00eda iran\u00ed convoca este lunes al encargado de negocios de Ucrania por declaraciones del pa\u00eds europeo sobre un ataque frustrado a un taller militar en Isfah\u00e1n (centro de Ir\u00e1n). El Ministerio de Relaciones Exteriores de Ir\u00e1n ha tomado la medida para que el diplom\u00e1tico ucraniano explique sobre los comentarios controvertidos &hellip;<\/p>\n","protected":false},"author":36,"featured_media":284837,"comment_status":"closed","ping_status":"closed","sticky":false,"template":"","format":"standard","meta":{"footnotes":""},"categories":[597,456,16687,20724,457],"tags":[],"class_list":["post-284836","post","type-post","status-publish","format-standard","has-post-thumbnail","","category-cinta-de-noticias","category-arabe-internacional-politica","category-internacionales","category-minuto-a-minuto","category-noticias-arabe-internacional-politica"],"_links":{"self":[{"href":"https:\/\/archive.sana.sy\/es\/index.php?rest_route=\/wp\/v2\/posts\/284836"}],"collection":[{"href":"https:\/\/archive.sana.sy\/es\/index.php?rest_route=\/wp\/v2\/posts"}],"about":[{"href":"https:\/\/archive.sana.sy\/es\/index.php?rest_route=\/wp\/v2\/types\/post"}],"author":[{"embeddable":true,"href":"https:\/\/archive.sana.sy\/es\/index.php?rest_route=\/wp\/v2\/users\/36"}],"replies":[{"embeddable":true,"href":"https:\/\/archive.sana.sy\/es\/index.php?rest_route=%2Fwp%2Fv2%2Fcomments&post=284836"}],"version-history":[{"count":0,"href":"https:\/\/archive.sana.sy\/es\/index.php?rest_route=\/wp\/v2\/posts\/284836\/revisions"}],"wp:featuredmedia":[{"embeddable":true,"href":"https:\/\/archive.sana.sy\/es\/index.php?rest_route=\/wp\/v2\/media\/284837"}],"wp:attachment":[{"href":"https:\/\/archive.sana.sy\/es\/index.php?rest_route=%2Fwp%2Fv2%2Fmedia&parent=284836"}],"wp:term":[{"taxonomy":"category","embeddable":true,"href":"https:\/\/archive.sana.sy\/es\/index.php?rest_route=%2Fwp%2Fv2%2Fcategories&post=284836"},{"taxonomy":"post_tag","embeddable":true,"href":"https:\/\/archive.sana.sy\/es\/index.php?rest_route=%2Fwp%2Fv2%2Ftags&post=284836"}],"curies":[{"name":"wp","href":"https:\/\/api.w.org\/{rel}","templated":true}]}}