{"id":28486,"date":"2015-08-17T20:03:03","date_gmt":"2015-08-17T17:03:03","guid":{"rendered":"http:\/\/sana.sy\/es\/?p=28486"},"modified":"2015-08-17T20:04:49","modified_gmt":"2015-08-17T17:04:49","slug":"obrien-subraya-que-la-comunidad-internacional-debe-incrementar-el-apoyo-financiero-al-programa-de-respuesta-humanitaria-en-siria","status":"publish","type":"post","link":"https:\/\/archive.sana.sy\/es\/?p=28486","title":{"rendered":"O\u2019Brien subraya que la comunidad internacional debe incrementar el apoyo financiero al programa de respuesta humanitaria en Siria"},"content":{"rendered":"<p>Damasco-SANA<\/p>\n<p>El secretario general adjunto para Asuntos Humanitarios de la ONU, Stephen O&#8217;Brien exhort\u00f3 a la comunidad internacional a aumentar la contribuci\u00f3n financiera al programa de respuesta humanitaria en Siria, y expres\u00f3 su preocupaci\u00f3n por el esc\u00e1s de recursos y por la falta de recursos financieros, hecho que tendr\u00e1 negativas repercusiones sobre las operaciones humanitarias en Siria.<\/p>\n<p>En una conferencia de prensa celebrada el lunes en el Hotel Four Seasons de Damasco, O&#8217;Brien apt\u00f3 por proteger a los civiles y respetar el derecho internacional humanitario, expresando su esperanza de alcanzar una soluci\u00f3n pol\u00edtica a la crisis siria que permitir\u00eda a los civiles regresar a su vida normal.<\/p>\n<p>En cuanto a la interrupci\u00f3n del suministro de agua en las ciudades de Damasco, Alepo y Deraa por parte de terroristas, O&#8217;Brien dijo que es \u00a8inaceptable el uso de agua como arma en los conflictos\u00a8.<\/p>\n<p>En respuesta a una pregunta sobre la situaci\u00f3n de los refugiados sirios en los campamentos de refugiados, O&#8217;Brien destac\u00f3 la necesidad de garantizar la protecci\u00f3n y la seguridad a los refugiados, proporcionar ayuda humanitaria a ellos, aliviar su sufrimiento y tratarlos de manera humana.<\/p>\n<p>Sobre sus reuniones con funcionarios sirios, O&#8217;Brien dijo que \u00e9l mantuvo conversaciones constructivas con los funcionarios sirios, las cuales giraron en torno sobre c\u00f3mo realizar las operaciones de socorro, cont\u00e1ndose con recursos limitados.<\/p>\n<p>Yamil K.<\/p>\n","protected":false},"excerpt":{"rendered":"<p>Damasco-SANA El secretario general adjunto para Asuntos Humanitarios de la ONU, Stephen O&#8217;Brien exhort\u00f3 a la comunidad internacional a aumentar la contribuci\u00f3n financiera al programa de respuesta humanitaria en Siria, y expres\u00f3 su preocupaci\u00f3n por el esc\u00e1s de recursos y por la falta de recursos financieros, hecho que tendr\u00e1 negativas repercusiones sobre las operaciones humanitarias &hellip;<\/p>\n","protected":false},"author":1,"featured_media":28487,"comment_status":"closed","ping_status":"closed","sticky":false,"template":"","format":"standard","meta":{"footnotes":""},"categories":[477,476,457,576],"tags":[],"class_list":["post-28486","post","type-post","status-publish","format-standard","has-post-thumbnail","","category-noticias-edulcorantes","category-locales","category-noticias-arabe-internacional-politica","category-noticias-politicas"],"_links":{"self":[{"href":"https:\/\/archive.sana.sy\/es\/index.php?rest_route=\/wp\/v2\/posts\/28486"}],"collection":[{"href":"https:\/\/archive.sana.sy\/es\/index.php?rest_route=\/wp\/v2\/posts"}],"about":[{"href":"https:\/\/archive.sana.sy\/es\/index.php?rest_route=\/wp\/v2\/types\/post"}],"author":[{"embeddable":true,"href":"https:\/\/archive.sana.sy\/es\/index.php?rest_route=\/wp\/v2\/users\/1"}],"replies":[{"embeddable":true,"href":"https:\/\/archive.sana.sy\/es\/index.php?rest_route=%2Fwp%2Fv2%2Fcomments&post=28486"}],"version-history":[{"count":0,"href":"https:\/\/archive.sana.sy\/es\/index.php?rest_route=\/wp\/v2\/posts\/28486\/revisions"}],"wp:featuredmedia":[{"embeddable":true,"href":"https:\/\/archive.sana.sy\/es\/index.php?rest_route=\/wp\/v2\/media\/28487"}],"wp:attachment":[{"href":"https:\/\/archive.sana.sy\/es\/index.php?rest_route=%2Fwp%2Fv2%2Fmedia&parent=28486"}],"wp:term":[{"taxonomy":"category","embeddable":true,"href":"https:\/\/archive.sana.sy\/es\/index.php?rest_route=%2Fwp%2Fv2%2Fcategories&post=28486"},{"taxonomy":"post_tag","embeddable":true,"href":"https:\/\/archive.sana.sy\/es\/index.php?rest_route=%2Fwp%2Fv2%2Ftags&post=28486"}],"curies":[{"name":"wp","href":"https:\/\/api.w.org\/{rel}","templated":true}]}}