{"id":284897,"date":"2023-01-31T12:16:50","date_gmt":"2023-01-31T10:16:50","guid":{"rendered":"https:\/\/sana.sy\/es\/?p=284897"},"modified":"2023-01-31T12:16:50","modified_gmt":"2023-01-31T10:16:50","slug":"con-el-fin-de-garantizar-la-seguridad-del-estado-de-la-union-rusia-y-bielorrusia-inician-ejercicios-militares-conjuntos","status":"publish","type":"post","link":"https:\/\/archive.sana.sy\/es\/?p=284897","title":{"rendered":"Con el fin de garantizar la seguridad del Estado de la Uni\u00f3n, Rusia y Bielorrusia inician ejercicios militares conjuntos"},"content":{"rendered":"<p style=\"text-align: justify;\"><span style=\"color: #800000;\"><strong>Minsk, 31 ene (SANA)<\/strong> <\/span>El Ministerio de Defensa de Bielorrusia anunci\u00f3 el comienzo de los ejercicios conjuntos entre Bielorrusia y Rusia para la agrupaci\u00f3n regional de fuerzas de los dos pa\u00edses con el fin de garantizar la seguridad militar del Estado de la Uni\u00f3n.<\/p>\n<p style=\"text-align: justify;\">\u201cLos ejercicios de comando conjunto de la agrupaci\u00f3n regional de fuerzas comenzaron hoy en suelo bielorruso, y los representantes del aparato militar de los dos pa\u00edses pasar\u00e1n una semana entren\u00e1ndose en la planificaci\u00f3n conjunta para el uso de la fuerza, con base en la historia reciente de los conflictos armados y para la toma de decisiones sobre el uso de la agrupaci\u00f3n\u201d, inform\u00f3 el Ministerio citado por la agencia TASS.<\/p>\n<p style=\"text-align: justify;\">El d\u00eda ocho de este mes, Bielorrusia anunci\u00f3 la llegada a su territorio de militares de la Fuerza A\u00e9rea Rusa para participar en los ejercicios entre el 16 de enero y el primero de febrero pr\u00f3ximo.<\/p>\n<p style=\"text-align: justify;\">fm\/as<\/p>\n","protected":false},"excerpt":{"rendered":"<p>Minsk, 31 ene (SANA) El Ministerio de Defensa de Bielorrusia anunci\u00f3 el comienzo de los ejercicios conjuntos entre Bielorrusia y Rusia para la agrupaci\u00f3n regional de fuerzas de los dos pa\u00edses con el fin de garantizar la seguridad militar del Estado de la Uni\u00f3n. \u201cLos ejercicios de comando conjunto de la agrupaci\u00f3n regional de fuerzas &hellip;<\/p>\n","protected":false},"author":42,"featured_media":284898,"comment_status":"closed","ping_status":"closed","sticky":false,"template":"","format":"standard","meta":{"footnotes":""},"categories":[597,456,16687,20724,7541],"tags":[],"class_list":["post-284897","post","type-post","status-publish","format-standard","has-post-thumbnail","","category-cinta-de-noticias","category-arabe-internacional-politica","category-internacionales","category-minuto-a-minuto","category-ultimas-noticias"],"_links":{"self":[{"href":"https:\/\/archive.sana.sy\/es\/index.php?rest_route=\/wp\/v2\/posts\/284897"}],"collection":[{"href":"https:\/\/archive.sana.sy\/es\/index.php?rest_route=\/wp\/v2\/posts"}],"about":[{"href":"https:\/\/archive.sana.sy\/es\/index.php?rest_route=\/wp\/v2\/types\/post"}],"author":[{"embeddable":true,"href":"https:\/\/archive.sana.sy\/es\/index.php?rest_route=\/wp\/v2\/users\/42"}],"replies":[{"embeddable":true,"href":"https:\/\/archive.sana.sy\/es\/index.php?rest_route=%2Fwp%2Fv2%2Fcomments&post=284897"}],"version-history":[{"count":0,"href":"https:\/\/archive.sana.sy\/es\/index.php?rest_route=\/wp\/v2\/posts\/284897\/revisions"}],"wp:featuredmedia":[{"embeddable":true,"href":"https:\/\/archive.sana.sy\/es\/index.php?rest_route=\/wp\/v2\/media\/284898"}],"wp:attachment":[{"href":"https:\/\/archive.sana.sy\/es\/index.php?rest_route=%2Fwp%2Fv2%2Fmedia&parent=284897"}],"wp:term":[{"taxonomy":"category","embeddable":true,"href":"https:\/\/archive.sana.sy\/es\/index.php?rest_route=%2Fwp%2Fv2%2Fcategories&post=284897"},{"taxonomy":"post_tag","embeddable":true,"href":"https:\/\/archive.sana.sy\/es\/index.php?rest_route=%2Fwp%2Fv2%2Ftags&post=284897"}],"curies":[{"name":"wp","href":"https:\/\/api.w.org\/{rel}","templated":true}]}}