{"id":284932,"date":"2023-01-31T15:31:57","date_gmt":"2023-01-31T13:31:57","guid":{"rendered":"https:\/\/sana.sy\/es\/?p=284932"},"modified":"2023-01-31T15:31:57","modified_gmt":"2023-01-31T13:31:57","slug":"kremlin-la-implicacion-de-occidente-en-la-guerra-de-ucrania-no-cambiara-en-nada-el-curso-de-la-situacion-ahi","status":"publish","type":"post","link":"https:\/\/archive.sana.sy\/es\/?p=284932","title":{"rendered":"Kremlin: la implicaci\u00f3n de Occidente en la guerra de Ucrania no cambiar\u00e1 en nada el curso de la situaci\u00f3n ah\u00ed"},"content":{"rendered":"<blockquote>\n<p style=\"text-align: justify\"><em><strong><span style=\"color: #800000\">En cuanto al aumento del grado de implicaci\u00f3n de los pa\u00edses del Occidente colectivo en este conflicto, el voceron dijo que esto no ayudar\u00e1 a cambiar el curso de los acontecimientos.<\/span><\/strong><\/em><\/p>\n<\/blockquote>\n<p style=\"text-align: justify\"><span style=\"color: #800000\"><strong>Mosc\u00fa, 31 ene (SANA)<\/strong><\/span> Los Estados b\u00e1lticos y Polonia est\u00e1n listos para hacer todo a fin de provocar una mayor confrontaci\u00f3n con Rusia, sin considerar las consecuencias, declar\u00f3 el portavoz del Kremlin, Dmitri Peskov.<\/p>\n<p style=\"text-align: justify\">&#8220;En general, observamos una actitud muy, muy agresiva de representantes de los pa\u00edses b\u00e1lticos y Polonia. Obviamente, est\u00e1n listos para hacer todo lo posible con el fin de provocar una mayor confrontaci\u00f3n, sin pensar probablemente las consecuencias&#8221;, afirm\u00f3 Peskov citado por <em>Sputnik<\/em>.<\/p>\n<p style=\"text-align: justify\">El vocero lament\u00f3 que dada la situaci\u00f3n actual los mayores dirigentes europeos no hagan nada para &#8220;equilibrar a ese tipo de representantes con inclinaciones extremistas&#8221;.<\/p>\n<p style=\"text-align: justify\">En cuanto al aumento del grado de implicaci\u00f3n de los pa\u00edses del Occidente colectivo en este conflicto, el vocero dijo que esto no ayudar\u00e1 a cambiar el curso de los acontecimientos.<\/p>\n<p style=\"text-align: justify\">fm\/la<\/p>\n","protected":false},"excerpt":{"rendered":"<p>En cuanto al aumento del grado de implicaci\u00f3n de los pa\u00edses del Occidente colectivo en este conflicto, el voceron dijo que esto no ayudar\u00e1 a cambiar el curso de los acontecimientos. Mosc\u00fa, 31 ene (SANA) Los Estados b\u00e1lticos y Polonia est\u00e1n listos para hacer todo a fin de provocar una mayor confrontaci\u00f3n con Rusia, sin &hellip;<\/p>\n","protected":false},"author":24,"featured_media":284933,"comment_status":"closed","ping_status":"closed","sticky":false,"template":"","format":"standard","meta":{"footnotes":""},"categories":[597,456,16687,20724,7541],"tags":[],"class_list":["post-284932","post","type-post","status-publish","format-standard","has-post-thumbnail","","category-cinta-de-noticias","category-arabe-internacional-politica","category-internacionales","category-minuto-a-minuto","category-ultimas-noticias"],"_links":{"self":[{"href":"https:\/\/archive.sana.sy\/es\/index.php?rest_route=\/wp\/v2\/posts\/284932"}],"collection":[{"href":"https:\/\/archive.sana.sy\/es\/index.php?rest_route=\/wp\/v2\/posts"}],"about":[{"href":"https:\/\/archive.sana.sy\/es\/index.php?rest_route=\/wp\/v2\/types\/post"}],"author":[{"embeddable":true,"href":"https:\/\/archive.sana.sy\/es\/index.php?rest_route=\/wp\/v2\/users\/24"}],"replies":[{"embeddable":true,"href":"https:\/\/archive.sana.sy\/es\/index.php?rest_route=%2Fwp%2Fv2%2Fcomments&post=284932"}],"version-history":[{"count":0,"href":"https:\/\/archive.sana.sy\/es\/index.php?rest_route=\/wp\/v2\/posts\/284932\/revisions"}],"wp:featuredmedia":[{"embeddable":true,"href":"https:\/\/archive.sana.sy\/es\/index.php?rest_route=\/wp\/v2\/media\/284933"}],"wp:attachment":[{"href":"https:\/\/archive.sana.sy\/es\/index.php?rest_route=%2Fwp%2Fv2%2Fmedia&parent=284932"}],"wp:term":[{"taxonomy":"category","embeddable":true,"href":"https:\/\/archive.sana.sy\/es\/index.php?rest_route=%2Fwp%2Fv2%2Fcategories&post=284932"},{"taxonomy":"post_tag","embeddable":true,"href":"https:\/\/archive.sana.sy\/es\/index.php?rest_route=%2Fwp%2Fv2%2Ftags&post=284932"}],"curies":[{"name":"wp","href":"https:\/\/api.w.org\/{rel}","templated":true}]}}