{"id":285060,"date":"2023-02-01T09:26:16","date_gmt":"2023-02-01T07:26:16","guid":{"rendered":"https:\/\/sana.sy\/es\/?p=285060"},"modified":"2023-02-01T09:26:49","modified_gmt":"2023-02-01T07:26:49","slug":"philip-la-otan-debe-rendir-cuentas-por-sus-violaciones-a-la-carta-de-la-onu","status":"publish","type":"post","link":"https:\/\/archive.sana.sy\/es\/?p=285060","title":{"rendered":"Philip: La OTAN debe rendir cuentas por sus violaciones a la Carta de la ONU"},"content":{"rendered":"<blockquote>\n<p style=\"text-align: justify;\"><span style=\"color: #ff0000;\"><strong>&#8220;La OTAN ha lanzado de manera colectiva o a trav\u00e9s de algunos de sus pa\u00edses muchos ataques contra otros pa\u00edses, incluido el ataque a Siria, adem\u00e1s de bombardear a Libia y Yugoslavia, y la invasi\u00f3n de Iraq en 2003 por Estados Unidos y Gran Breta\u00f1a.<\/strong><\/span><\/p>\n<\/blockquote>\n<p style=\"text-align: justify;\"><span style=\"color: #800000;\"><strong>Praga, 1 feb (SANA)<\/strong><\/span> El exvicepresidente de la C\u00e1mara de Diputados checa, Vojtek Filip, dijo hoy que la OTAN est\u00e1 violando la Carta de las Naciones Unidas y su estatuto relacionado con respecto a la resoluci\u00f3n de disputas por medios pac\u00edficos.<\/p>\n<p>Los l\u00edderes de esta aliaanzaa deben rendir cuenta, incluido cometerlos a un juicio penal y compensar los da\u00f1os que causaron en el mundo, y luego suspender esta alianza, afirm\u00f3 Philip en su p\u00e1gina de Facebook.<\/p>\n<p>Agreg\u00f3 que la OTAN ha lanzado de manera colectiva o a trav\u00e9s de algunos de sus pa\u00edses muchos ataques contra otros pa\u00edses, incluido el ataque a Siria, que pr\u00e1cticamente contin\u00faa a trav\u00e9s de la presencia militar ilegal estadounidense en su territorio, adem\u00e1s de bombardear a Libia y Yugoslavia, y la invasi\u00f3n de Iraq en 2003 por Estados Unidos y Gran Breta\u00f1a.<\/p>\n<p style=\"text-align: justify;\">Subray\u00f3 que estas pr\u00e1cticas no solo violan la carta de la alianza que prev\u00e9 dar prioridad a la resoluci\u00f3n de disputas por medios pac\u00edficos, sino que tambi\u00e9n representan una violaci\u00f3n de las leyes internacionales.<\/p>\n<p style=\"text-align: justify;\"><em><strong>fm\/ws<\/strong><\/em><\/p>\n","protected":false},"excerpt":{"rendered":"<p>&#8220;La OTAN ha lanzado de manera colectiva o a trav\u00e9s de algunos de sus pa\u00edses muchos ataques contra otros pa\u00edses, incluido el ataque a Siria, adem\u00e1s de bombardear a Libia y Yugoslavia, y la invasi\u00f3n de Iraq en 2003 por Estados Unidos y Gran Breta\u00f1a. Praga, 1 feb (SANA) El exvicepresidente de la C\u00e1mara de &hellip;<\/p>\n","protected":false},"author":35,"featured_media":285061,"comment_status":"closed","ping_status":"closed","sticky":false,"template":"","format":"standard","meta":{"footnotes":""},"categories":[597,456,16687,20724,7541],"tags":[],"class_list":["post-285060","post","type-post","status-publish","format-standard","has-post-thumbnail","","category-cinta-de-noticias","category-arabe-internacional-politica","category-internacionales","category-minuto-a-minuto","category-ultimas-noticias"],"_links":{"self":[{"href":"https:\/\/archive.sana.sy\/es\/index.php?rest_route=\/wp\/v2\/posts\/285060"}],"collection":[{"href":"https:\/\/archive.sana.sy\/es\/index.php?rest_route=\/wp\/v2\/posts"}],"about":[{"href":"https:\/\/archive.sana.sy\/es\/index.php?rest_route=\/wp\/v2\/types\/post"}],"author":[{"embeddable":true,"href":"https:\/\/archive.sana.sy\/es\/index.php?rest_route=\/wp\/v2\/users\/35"}],"replies":[{"embeddable":true,"href":"https:\/\/archive.sana.sy\/es\/index.php?rest_route=%2Fwp%2Fv2%2Fcomments&post=285060"}],"version-history":[{"count":0,"href":"https:\/\/archive.sana.sy\/es\/index.php?rest_route=\/wp\/v2\/posts\/285060\/revisions"}],"wp:featuredmedia":[{"embeddable":true,"href":"https:\/\/archive.sana.sy\/es\/index.php?rest_route=\/wp\/v2\/media\/285061"}],"wp:attachment":[{"href":"https:\/\/archive.sana.sy\/es\/index.php?rest_route=%2Fwp%2Fv2%2Fmedia&parent=285060"}],"wp:term":[{"taxonomy":"category","embeddable":true,"href":"https:\/\/archive.sana.sy\/es\/index.php?rest_route=%2Fwp%2Fv2%2Fcategories&post=285060"},{"taxonomy":"post_tag","embeddable":true,"href":"https:\/\/archive.sana.sy\/es\/index.php?rest_route=%2Fwp%2Fv2%2Ftags&post=285060"}],"curies":[{"name":"wp","href":"https:\/\/api.w.org\/{rel}","templated":true}]}}