{"id":285064,"date":"2023-02-01T10:21:01","date_gmt":"2023-02-01T08:21:01","guid":{"rendered":"https:\/\/sana.sy\/es\/?p=285064"},"modified":"2023-02-01T10:26:36","modified_gmt":"2023-02-01T08:26:36","slug":"mas-de-50-periodistas-fueron-asesinados-deliberadamente-por-militares-israelies","status":"publish","type":"post","link":"https:\/\/archive.sana.sy\/es\/?p=285064","title":{"rendered":"M\u00e1s de 50 periodistas fueron asesinados deliberadamente por militares israel\u00edes"},"content":{"rendered":"<blockquote>\n<p style=\"text-align: justify;\"><span style=\"color: #ff0000;\"><strong>El 11 de mayo de 2022, la periodista palestina Shireen Abu Akleh, de 49 a\u00f1os, perdi\u00f3 la vida en la ciudad de Yen\u00edn (Cisjordania) tras ser alcanzada por disparos de fuerzas israel\u00edes mientras ejerc\u00eda su labor informativa.<\/strong><\/span><\/p>\n<\/blockquote>\n<p style=\"text-align: justify;\"><span style=\"color: #800000;\"><strong>Jerusal\u00e9n ocupada, 1 feb (SANA)<\/strong><\/span>\u00a0 Al menos 50 periodistas han sido asesinados por las fuerzas del ocupante israel\u00ed desde el a\u00f1o 2003, mientras decenas resultaron heridos y otros muchos encarcelados.<\/p>\n<p style=\"text-align: justify;\">Estos perioidistas fueron condenados a muerte o a prisi\u00f3n sencillamente por cubrir los hechos que comprueban los cr\u00edmenes israel\u00edes contra los palestinos.<\/p>\n<p style=\"text-align: justify;\">Todas las evidencias sin excepci\u00f3n indican que los militares del r\u00e9gimen israel\u00ed dispararon contra los trabajadores de la prensa ya sean periodistas, reporteros o fot\u00f3grafos, a pesar de que sus chalecos azules deben protegerlos de ser objetivos de estas agresiones sionistas.<\/p>\n<p style=\"text-align: justify;\">El 11 de mayo de 2022, la periodista palestina Shireen Abu Akleh, de 49 a\u00f1os, perdi\u00f3 la vida en la ciudad de Yen\u00edn (Cisjordania) tras ser alcanzada por disparos de fuerzas israel\u00edes mientras ejerc\u00eda su labor informativa.<\/p>\n<p style=\"text-align: justify;\"><img loading=\"lazy\" decoding=\"async\" class=\"size-medium wp-image-285068 alignright\" src=\"http:\/\/sana.sy\/es\/wp-content\/uploads\/2023\/02\/prensa-periodista-palestina-israel-1-300x167.jpg\" alt=\"\" width=\"300\" height=\"167\" srcset=\"https:\/\/archive.sana.sy\/es\/wp-content\/uploads\/2023\/02\/prensa-periodista-palestina-israel-1-300x167.jpg 300w, https:\/\/archive.sana.sy\/es\/wp-content\/uploads\/2023\/02\/prensa-periodista-palestina-israel-1-150x83.jpg 150w, https:\/\/archive.sana.sy\/es\/wp-content\/uploads\/2023\/02\/prensa-periodista-palestina-israel-1-768x427.jpg 768w, https:\/\/archive.sana.sy\/es\/wp-content\/uploads\/2023\/02\/prensa-periodista-palestina-israel-1.jpg 800w\" sizes=\"(max-width: 300px) 100vw, 300px\" \/><\/p>\n<p style=\"text-align: justify;\">Estas pr\u00e1cticas habituales por las autoridades israel\u00edes se convierten en un \u201casesinato selectivo\u201d contra el personal period\u00edstico que cubren la represi\u00f3n israel\u00ed contra la poblaci\u00f3n palestina.<\/p>\n<p style=\"text-align: justify;\">El s\u00e1bado \u00faltimo, la polic\u00eda de ocupaci\u00f3n abri\u00f3 fuego contra varios periodistas palestinos que hac\u00edan su trabajo en la entrada de la localidad de Beita, en Naplusa, seg\u00fan inform\u00f3 la agencia palestina de noticias WAFA.<\/p>\n<p style=\"text-align: justify;\"><em><strong>ws\/fm<\/strong><\/em><\/p>\n","protected":false},"excerpt":{"rendered":"<p>El 11 de mayo de 2022, la periodista palestina Shireen Abu Akleh, de 49 a\u00f1os, perdi\u00f3 la vida en la ciudad de Yen\u00edn (Cisjordania) tras ser alcanzada por disparos de fuerzas israel\u00edes mientras ejerc\u00eda su labor informativa. Jerusal\u00e9n ocupada, 1 feb (SANA)\u00a0 Al menos 50 periodistas han sido asesinados por las fuerzas del ocupante israel\u00ed &hellip;<\/p>\n","protected":false},"author":35,"featured_media":285065,"comment_status":"closed","ping_status":"closed","sticky":false,"template":"","format":"standard","meta":{"footnotes":""},"categories":[597,456,16687,20724,583],"tags":[],"class_list":["post-285064","post","type-post","status-publish","format-standard","has-post-thumbnail","","category-cinta-de-noticias","category-arabe-internacional-politica","category-internacionales","category-minuto-a-minuto","category-slide"],"_links":{"self":[{"href":"https:\/\/archive.sana.sy\/es\/index.php?rest_route=\/wp\/v2\/posts\/285064"}],"collection":[{"href":"https:\/\/archive.sana.sy\/es\/index.php?rest_route=\/wp\/v2\/posts"}],"about":[{"href":"https:\/\/archive.sana.sy\/es\/index.php?rest_route=\/wp\/v2\/types\/post"}],"author":[{"embeddable":true,"href":"https:\/\/archive.sana.sy\/es\/index.php?rest_route=\/wp\/v2\/users\/35"}],"replies":[{"embeddable":true,"href":"https:\/\/archive.sana.sy\/es\/index.php?rest_route=%2Fwp%2Fv2%2Fcomments&post=285064"}],"version-history":[{"count":0,"href":"https:\/\/archive.sana.sy\/es\/index.php?rest_route=\/wp\/v2\/posts\/285064\/revisions"}],"wp:featuredmedia":[{"embeddable":true,"href":"https:\/\/archive.sana.sy\/es\/index.php?rest_route=\/wp\/v2\/media\/285065"}],"wp:attachment":[{"href":"https:\/\/archive.sana.sy\/es\/index.php?rest_route=%2Fwp%2Fv2%2Fmedia&parent=285064"}],"wp:term":[{"taxonomy":"category","embeddable":true,"href":"https:\/\/archive.sana.sy\/es\/index.php?rest_route=%2Fwp%2Fv2%2Fcategories&post=285064"},{"taxonomy":"post_tag","embeddable":true,"href":"https:\/\/archive.sana.sy\/es\/index.php?rest_route=%2Fwp%2Fv2%2Ftags&post=285064"}],"curies":[{"name":"wp","href":"https:\/\/api.w.org\/{rel}","templated":true}]}}