{"id":28507,"date":"2015-08-18T14:13:46","date_gmt":"2015-08-18T11:13:46","guid":{"rendered":"http:\/\/sana.sy\/es\/?p=28507"},"modified":"2015-08-19T13:35:32","modified_gmt":"2015-08-19T10:35:32","slug":"velayati-califica-de-estrategicas-a-las-relaciones-entre-siria-e-iran","status":"publish","type":"post","link":"https:\/\/archive.sana.sy\/es\/?p=28507","title":{"rendered":"Velayati califica de estrat\u00e9gicas a las relaciones entre Siria e Ir\u00e1n"},"content":{"rendered":"<p><span style=\"color: #800000\">Teher\u00e1n, SANA<\/span><\/p>\n<p>El asesor del Comandante de la Revoluci\u00f3n Isl\u00e1mica de Ir\u00e1n para Asuntos Internacionales, Ali Velayati, subray\u00f3 que las relaciones entre Siria e Ir\u00e1n son estrat\u00e9gicas y s\u00f3lidas.<\/p>\n<p>La afirmaci\u00f3n de Velayati tuvo lugar durante su reuni\u00f3n con el ministro de Informaci\u00f3n sirio , Omran a\u00f1-Zoubi, en la capital Teher\u00e1n.<\/p>\n<p>Asimismo, opin\u00f3 que es rechazada cualquier soluci\u00f3n a la crisis en Siria proveniente del extranjero y no es aceptable por el pueblo sirio.<\/p>\n<p>Por su parte, el ministro al- Zoubi dijo que las relaciones sirio-iran\u00edes son fraternales y sus ra\u00edces son profundos y se fortalecen d\u00eda a d\u00eda en todos los \u00e1mbitos.<\/p>\n<p>El asesor del Comandante de la Revoluci\u00f3n Isl\u00e1mica de Ir\u00e1n para Asuntos Internacionales, Ali Velayati, subray\u00f3 que las relaciones entre Siria e Ir\u00e1n son estrat\u00e9gicas y s\u00f3lidas.<\/p>\n<p>La afirmaci\u00f3n de Velayati tuvo lugar durante su reuni\u00f3n con el ministro de Informaci\u00f3n sirio , Omran a\u00f1-Zoubi, en la capital Teher\u00e1n.<\/p>\n<p>Asimismo, opin\u00f3 que es rechazada cualquier soluci\u00f3n a la crisis en Siria proveniente del extranjero y no es aceptable por el pueblo sirio.<\/p>\n<p>Por su parte, el ministro al- Zoubi dijo que las relaciones sirio-iran\u00edes son fraternales y sus ra\u00edces son profundos y se fortalecen d\u00eda a d\u00eda en todos los \u00e1mbitos.<\/p>\n<p><span style=\"color: #3366ff\">Al-Zoubi: aviaci\u00f3n siria llev\u00f3 a cabo m\u00e1s de 400 ataques a\u00e9reos contra el EI en Ain Arab<\/span><\/p>\n<p>El ministro de Informaci\u00f3n, Omran al-Zoubi, sostuvo una reuni\u00f3n informativa y un di\u00e1logo intelectual con los representantes de los diferentes medios de comunicaci\u00f3n oficiales iran\u00edes.<\/p>\n<p>El encuentro tuvo lugar en la sede de la agencia de noticias iran\u00ed IRNA.<\/p>\n<p>Durante la reuni\u00f3n, al-Zoubi explic\u00f3 detalladamente el curso de la guerra terrorista contra Siria y, los ataques y las medidas injustas aplicadas contra los medios de comunicaci\u00f3n sirios.<\/p>\n<p>s de los periodistas iran\u00edes que se centraron sobre la evoluci\u00f3n de la guerra terrorista contra Siria y la lucha que lleva a cabo el Estado sirio contra las organizaciones terroristas, adem\u00e1s de sus esfuerzos encaminados a encontrar una soluci\u00f3n pol\u00edtica que preserve la unidad y la soberan\u00eda de Siria.<\/p>\n<p>En su intervenci\u00f3n, el ministro de Informaci\u00f3n abord\u00f3 los complots de los enemigos contra el pueblo sirio y su gobierno, y a\u00f1adi\u00f3 que el r\u00e9gimen saud\u00ed, que vive contradicciones internas ideol\u00f3gicas, busca vengarse de Siria y su gobierno.<\/p>\n<p>En respuesta a una pregunta sobre la existencia de una &#8220;inacci\u00f3n&#8221; militar contra los terroristas en algunas zonas de Siria, el ministro al-Zoubi dijo: &#8220;no hay inacci\u00f3n o negligencia en las operaciones del Ej\u00e9rcito \u00c1rabe Sirio; pero hay que tener en cuenta siempre que hay un alto n\u00famero de puntos de confrontaci\u00f3n con las organizaciones terroristas, y el ej\u00e9rcito sirio fue preparado y entrenado para enfrentar a la entidad sionista y para entrar en guerras con ej\u00e9rcitos regulares&#8221;.<\/p>\n<p>&#8220;La guerra en curso en diversas zonas de Siria no es una guerra cl\u00e1sica sino una guerra de guerrillas, y el ej\u00e9rcito sirio est\u00e1 actuando de acuerdo a dos elementos: la naturaleza del lugar y la presencia de civiles en las diversas \u00e1reas; por ejemplo, la antigua ciudad de Palmira es de una poblaci\u00f3n que trabaja en su mayor\u00eda en el turismo local, y s\u00f3lo ten\u00eda una guarnici\u00f3n de polic\u00eda, y el ej\u00e9rcito sirio puede bombardear la ciudad y recuperarla pero eso ser\u00eda a costa de la vida de miles de civiles y la destrucci\u00f3n de todos los monumentos antiguos&#8221;, dijo el ministro sirio.<\/p>\n<p>El ministro al-Zoubi explic\u00f3 que en algunos enfrentamientos que tienen lugar, el ej\u00e9rcito evac\u00faa a 10 poblados para quedarse en una zona alta estrat\u00e9gica, ya que la guerra de guerrillas tiene su propia ley y su situaci\u00f3n que se impone en los combates.<\/p>\n<p>Al-Zoubi revel\u00f3 que las organizaciones terroristas del Estado Isl\u00e1mico y el Frente al-Nousra usaron en sus ataques contra la ciudad de Alepo, armas que nunca fueron utilizadas en ninguna guerra y que no las hay ni en el mercado negro de armas.<\/p>\n<p>Tambi\u00e9n dijo que la ciudad de Idleb fue bombardeada durante unas pocas horas con 14.000 mil proyectiles en un \u00e1rea de dos kil\u00f3metros cuadrados, y es por esto que el ej\u00e9rcito sirio tuvo que evacuar la ciudad de los civiles a fin de evitar una masacre que podr\u00eda cobrar la vida de miles de civiles y militares.<\/p>\n<p>En respuesta a una pregunta sobre las razones de la no cooperaci\u00f3n gubernamental siria con los kurdos en su enfrentamiento a la organizaci\u00f3n terrorista del Estado Isl\u00e1mico, el ministro de Informaci\u00f3n explic\u00f3 que &#8220;el gobierno sirio no trataba con los kurdos a base de su etnia o secta, pero trat\u00f3 con ellos como ciudadanos sirios, pero la oposici\u00f3n kurda neg\u00f3 en Conferencia de Ginebra esa asistencia prestada por el gobierno sirio para enfrentar al terrorismo&#8221;.<\/p>\n<p>Asimismo, aclar\u00f3 que el representante de Siria en las Naciones Unidas, Bashar Jaafari, afirm\u00f3 que el ej\u00e9rcito sirio ofreci\u00f3 apoyo a las unidades de protecci\u00f3n kurdas para defender la ciudad de Ain Arab (Kubani) y present\u00f3 un paquete de documentos firmados por los comandantes militares kurdos los cuales confirman que las unidades de protecci\u00f3n kurdas recibieron armas y municiones suficientes del ej\u00e9rcito sirio para derrotar al EI en Kubani, revelando que la aviaci\u00f3n siria bombarde\u00f3 las sedes del EI en Ain Arab y contribuy\u00f3 al avance de los kurdos, pero el presidente de la unidades de protecci\u00f3n kurdas de Uni\u00f3n Democr\u00e1tica del Kurdist\u00e1n en Siria, Saleh Muslem, neg\u00f3 eso.<\/p>\n<p>Zoubi a\u00f1adi\u00f3 que la aviaci\u00f3n siria llev\u00f3 a cabo m\u00e1s de 400 ataques a\u00e9reos contra el EI en la ciudad de Ain Arab, al mismo tiempo en que la Coalici\u00f3n liderada por Estado Unidos s\u00f3lo efectu\u00f3 16 redadas, haciendo hincapi\u00e9 en que los kurdos en Siria no son un solo partido y un n\u00famero de ellos no est\u00e1n de acuerdo entre s\u00ed.<\/p>\n<p>El titular sirio subray\u00f3 que la posici\u00f3n de Rusia es clara y expl\u00edcita sobre Siria, y Mosc\u00fa no tiene un juego pol\u00edtico con Siria sino una t\u00e1ctica pol\u00edtica, destacando que el presidente ruso, Vladimir Putin, est\u00e1 con el gobierno sirio.<\/p>\n<p>Por \u00faltimo, preci\u00f3 que Arabia Saudita no puede ser una parte de una alianza para luchar contra el terrorismo al mismo tiempo en que apoya a organizaciones extremistas y terroristas como el Estado Isl\u00e1mico y el Frente al-Nousra.<\/p>\n<p><span style=\"color: #00ccff\">Fady M., Hala B.<\/span><\/p>\n","protected":false},"excerpt":{"rendered":"<p>Teher\u00e1n, SANA El asesor del Comandante de la Revoluci\u00f3n Isl\u00e1mica de Ir\u00e1n para Asuntos Internacionales, Ali Velayati, subray\u00f3 que las relaciones entre Siria e Ir\u00e1n son estrat\u00e9gicas y s\u00f3lidas. La afirmaci\u00f3n de Velayati tuvo lugar durante su reuni\u00f3n con el ministro de Informaci\u00f3n sirio , Omran a\u00f1-Zoubi, en la capital Teher\u00e1n. Asimismo, opin\u00f3 que es &hellip;<\/p>\n","protected":false},"author":1,"featured_media":28508,"comment_status":"closed","ping_status":"closed","sticky":false,"template":"","format":"standard","meta":{"footnotes":""},"categories":[597],"tags":[],"class_list":["post-28507","post","type-post","status-publish","format-standard","has-post-thumbnail","","category-cinta-de-noticias"],"_links":{"self":[{"href":"https:\/\/archive.sana.sy\/es\/index.php?rest_route=\/wp\/v2\/posts\/28507"}],"collection":[{"href":"https:\/\/archive.sana.sy\/es\/index.php?rest_route=\/wp\/v2\/posts"}],"about":[{"href":"https:\/\/archive.sana.sy\/es\/index.php?rest_route=\/wp\/v2\/types\/post"}],"author":[{"embeddable":true,"href":"https:\/\/archive.sana.sy\/es\/index.php?rest_route=\/wp\/v2\/users\/1"}],"replies":[{"embeddable":true,"href":"https:\/\/archive.sana.sy\/es\/index.php?rest_route=%2Fwp%2Fv2%2Fcomments&post=28507"}],"version-history":[{"count":0,"href":"https:\/\/archive.sana.sy\/es\/index.php?rest_route=\/wp\/v2\/posts\/28507\/revisions"}],"wp:featuredmedia":[{"embeddable":true,"href":"https:\/\/archive.sana.sy\/es\/index.php?rest_route=\/wp\/v2\/media\/28508"}],"wp:attachment":[{"href":"https:\/\/archive.sana.sy\/es\/index.php?rest_route=%2Fwp%2Fv2%2Fmedia&parent=28507"}],"wp:term":[{"taxonomy":"category","embeddable":true,"href":"https:\/\/archive.sana.sy\/es\/index.php?rest_route=%2Fwp%2Fv2%2Fcategories&post=28507"},{"taxonomy":"post_tag","embeddable":true,"href":"https:\/\/archive.sana.sy\/es\/index.php?rest_route=%2Fwp%2Fv2%2Ftags&post=28507"}],"curies":[{"name":"wp","href":"https:\/\/api.w.org\/{rel}","templated":true}]}}