{"id":285155,"date":"2023-02-02T06:05:51","date_gmt":"2023-02-02T04:05:51","guid":{"rendered":"https:\/\/sana.sy\/es\/?p=285155"},"modified":"2023-02-02T06:05:51","modified_gmt":"2023-02-02T04:05:51","slug":"espana-sigue-enviando-armas-a-ucrania-el-ultimo-lote-fue-20-vehiculos-blindados-para-transporte-de-personal","status":"publish","type":"post","link":"https:\/\/archive.sana.sy\/es\/?p=285155","title":{"rendered":"Espa\u00f1a sigue enviando armas a Ucrania, el \u00faltimo lote fue 20 veh\u00edculos blindados para transporte de personal"},"content":{"rendered":"<p style=\"text-align: justify;\"><span style=\"color: #800000;\"><strong>Madrid, 2 feb (SANA)<\/strong> <\/span>Espa\u00f1a se propone enviar a Ucrania, el pr\u00f3ximo 6 de febrero, un total de 20 veh\u00edculos blindados M-113, conocidos como Transporte Oruga Acorazado (TOA) y utilizados para el desplazamiento de personal militar, inform\u00f3 el sitio Europa Press.<\/p>\n<p style=\"text-align: justify;\">Paralelamente, se inform\u00f3 que Espa\u00f1a suministrar\u00e1 a Kiev, en un primer momento, entre cuatro y seis tanques Leopard 2A4.<\/p>\n<p style=\"text-align: justify;\">La cifra final podr\u00eda ser mucho mayor, aunque todav\u00eda est\u00e1 por determinarse y depender\u00e1 del estado en que se encuentren las 53 unidades de ese carro de combate alem\u00e1n que el Ej\u00e9rcito espa\u00f1ol almacena desde hace 10 a\u00f1os en la Agrupaci\u00f3n de Apoyo Log\u00edstico N\u00famero 41, con sede en la ciudad de Zaragoza.<\/p>\n<p style=\"text-align: justify;\">fm<\/p>\n","protected":false},"excerpt":{"rendered":"<p>Madrid, 2 feb (SANA) Espa\u00f1a se propone enviar a Ucrania, el pr\u00f3ximo 6 de febrero, un total de 20 veh\u00edculos blindados M-113, conocidos como Transporte Oruga Acorazado (TOA) y utilizados para el desplazamiento de personal militar, inform\u00f3 el sitio Europa Press. Paralelamente, se inform\u00f3 que Espa\u00f1a suministrar\u00e1 a Kiev, en un primer momento, entre cuatro &hellip;<\/p>\n","protected":false},"author":34,"featured_media":285156,"comment_status":"closed","ping_status":"closed","sticky":false,"template":"","format":"standard","meta":{"footnotes":""},"categories":[597,456,20724,7541],"tags":[],"class_list":["post-285155","post","type-post","status-publish","format-standard","has-post-thumbnail","","category-cinta-de-noticias","category-arabe-internacional-politica","category-minuto-a-minuto","category-ultimas-noticias"],"_links":{"self":[{"href":"https:\/\/archive.sana.sy\/es\/index.php?rest_route=\/wp\/v2\/posts\/285155"}],"collection":[{"href":"https:\/\/archive.sana.sy\/es\/index.php?rest_route=\/wp\/v2\/posts"}],"about":[{"href":"https:\/\/archive.sana.sy\/es\/index.php?rest_route=\/wp\/v2\/types\/post"}],"author":[{"embeddable":true,"href":"https:\/\/archive.sana.sy\/es\/index.php?rest_route=\/wp\/v2\/users\/34"}],"replies":[{"embeddable":true,"href":"https:\/\/archive.sana.sy\/es\/index.php?rest_route=%2Fwp%2Fv2%2Fcomments&post=285155"}],"version-history":[{"count":0,"href":"https:\/\/archive.sana.sy\/es\/index.php?rest_route=\/wp\/v2\/posts\/285155\/revisions"}],"wp:featuredmedia":[{"embeddable":true,"href":"https:\/\/archive.sana.sy\/es\/index.php?rest_route=\/wp\/v2\/media\/285156"}],"wp:attachment":[{"href":"https:\/\/archive.sana.sy\/es\/index.php?rest_route=%2Fwp%2Fv2%2Fmedia&parent=285155"}],"wp:term":[{"taxonomy":"category","embeddable":true,"href":"https:\/\/archive.sana.sy\/es\/index.php?rest_route=%2Fwp%2Fv2%2Fcategories&post=285155"},{"taxonomy":"post_tag","embeddable":true,"href":"https:\/\/archive.sana.sy\/es\/index.php?rest_route=%2Fwp%2Fv2%2Ftags&post=285155"}],"curies":[{"name":"wp","href":"https:\/\/api.w.org\/{rel}","templated":true}]}}