{"id":285195,"date":"2023-02-02T13:28:36","date_gmt":"2023-02-02T11:28:36","guid":{"rendered":"https:\/\/sana.sy\/es\/?p=285195"},"modified":"2023-02-02T13:28:36","modified_gmt":"2023-02-02T11:28:36","slug":"vershinin-y-asghar-khaji-repasan-temas-internacionales-y-la-situacion-en-siria","status":"publish","type":"post","link":"https:\/\/archive.sana.sy\/es\/?p=285195","title":{"rendered":"Vershinin y Asghar Khaji repasan temas internacionales y la situaci\u00f3n en Siria"},"content":{"rendered":"<p style=\"text-align: justify;\"><span style=\"color: #800000;\"><strong>Mosc\u00fa, 2 feb (SANA)\u00a0<\/strong><\/span> \u00a0El viceministro de Exteriores de Rusia, Sergei Vershinin y el asesor del Ministro de Relaciones Exteriores de Ir\u00e1n para Asuntos Pol\u00edticos Especiales, Ali Asghar Khaji, repasaron hoy en la capital Mosc\u00fa, una serie de temas de inter\u00e9s com\u00fan, adem\u00e1s de la situaci\u00f3n en Siria.<\/p>\n<p>Seg\u00fan un comunicado emitido por la canciller\u00eda rusa , ambas partes manifestaron la intenci\u00f3n com\u00fan de fortalecer a\u00fan m\u00e1s la cooperaci\u00f3n bilateral, incluso en el marco del Grupo de Amigos Defensores de la Carta de las Naciones Unidas.<\/p>\n<p>La nota agreg\u00f3 que entre las discusiones se destac\u00f3 el tema de las crisis y conflictos en Medio Oriente y \u00c1frica del Norte, con foco en la situaci\u00f3n en el Golfo, Yemen, Libia y Siria.<\/p>\n<p style=\"text-align: justify;\"><em><strong>ws\/fm<\/strong><\/em><\/p>\n","protected":false},"excerpt":{"rendered":"<p>Mosc\u00fa, 2 feb (SANA)\u00a0 \u00a0El viceministro de Exteriores de Rusia, Sergei Vershinin y el asesor del Ministro de Relaciones Exteriores de Ir\u00e1n para Asuntos Pol\u00edticos Especiales, Ali Asghar Khaji, repasaron hoy en la capital Mosc\u00fa, una serie de temas de inter\u00e9s com\u00fan, adem\u00e1s de la situaci\u00f3n en Siria. Seg\u00fan un comunicado emitido por la canciller\u00eda &hellip;<\/p>\n","protected":false},"author":35,"featured_media":285196,"comment_status":"closed","ping_status":"closed","sticky":false,"template":"","format":"standard","meta":{"footnotes":""},"categories":[597,456,16687,20724,7541],"tags":[],"class_list":["post-285195","post","type-post","status-publish","format-standard","has-post-thumbnail","","category-cinta-de-noticias","category-arabe-internacional-politica","category-internacionales","category-minuto-a-minuto","category-ultimas-noticias"],"_links":{"self":[{"href":"https:\/\/archive.sana.sy\/es\/index.php?rest_route=\/wp\/v2\/posts\/285195"}],"collection":[{"href":"https:\/\/archive.sana.sy\/es\/index.php?rest_route=\/wp\/v2\/posts"}],"about":[{"href":"https:\/\/archive.sana.sy\/es\/index.php?rest_route=\/wp\/v2\/types\/post"}],"author":[{"embeddable":true,"href":"https:\/\/archive.sana.sy\/es\/index.php?rest_route=\/wp\/v2\/users\/35"}],"replies":[{"embeddable":true,"href":"https:\/\/archive.sana.sy\/es\/index.php?rest_route=%2Fwp%2Fv2%2Fcomments&post=285195"}],"version-history":[{"count":0,"href":"https:\/\/archive.sana.sy\/es\/index.php?rest_route=\/wp\/v2\/posts\/285195\/revisions"}],"wp:featuredmedia":[{"embeddable":true,"href":"https:\/\/archive.sana.sy\/es\/index.php?rest_route=\/wp\/v2\/media\/285196"}],"wp:attachment":[{"href":"https:\/\/archive.sana.sy\/es\/index.php?rest_route=%2Fwp%2Fv2%2Fmedia&parent=285195"}],"wp:term":[{"taxonomy":"category","embeddable":true,"href":"https:\/\/archive.sana.sy\/es\/index.php?rest_route=%2Fwp%2Fv2%2Fcategories&post=285195"},{"taxonomy":"post_tag","embeddable":true,"href":"https:\/\/archive.sana.sy\/es\/index.php?rest_route=%2Fwp%2Fv2%2Ftags&post=285195"}],"curies":[{"name":"wp","href":"https:\/\/api.w.org\/{rel}","templated":true}]}}