{"id":285299,"date":"2023-02-02T21:03:57","date_gmt":"2023-02-02T19:03:57","guid":{"rendered":"https:\/\/sana.sy\/es\/?p=285299"},"modified":"2023-02-03T06:00:37","modified_gmt":"2023-02-03T04:00:37","slug":"puesta-en-servicio-unidad-de-produccion-de-nitrogeno-liquido-de-alepo","status":"publish","type":"post","link":"https:\/\/archive.sana.sy\/es\/?p=285299","title":{"rendered":"Ponen en servicio la unidad de producci\u00f3n de nitr\u00f3geno l\u00edquido de Alepo"},"content":{"rendered":"<blockquote><p><span style=\"color: #ff6600;\"><strong>\u201cEl proyecto se hizo realidad gracias a una subvenci\u00f3n de la Organizaci\u00f3n de las Naciones Unidas para la Agricultura y la Alimentaci\u00f3n (FAO) y el apoyo de la Federaci\u00f3n de Rusia\u201d.<\/strong><\/span><\/p><\/blockquote>\n<p><span style=\"color: #800000;\"><strong>Alepo, 02 feb (SANA)<\/strong> <\/span> El ministro de Agricultura y Reforma Agraria, Mohammad Qatana, visit\u00f3 la provincia de Alepo, donde conoci\u00f3 de cerca la realidad del sector agr\u00edcola en esta gobernaci\u00f3n norte\u00f1a.<\/p>\n<p>El Titular inaugur\u00f3 la unidad de producci\u00f3n de nitr\u00f3geno l\u00edquido en la Direcci\u00f3n de Agricultura de Alepo, un proyecto que se hizo realidad gracias a una subvenci\u00f3n de la Organizaci\u00f3n de las Naciones Unidas para la Agricultura y la Alimentaci\u00f3n (FAO) y el apoyo de la Federaci\u00f3n de Rusia.<\/p>\n<p>La unidad opera con una capacidad de producci\u00f3n de 30 litros de nitr\u00f3geno l\u00edquido por hora, a una temperatura de menos 196 grados cent\u00edgrados y con alta pureza.<\/p>\n<p>Este proyecto responde al plan de difusi\u00f3n de la inseminaci\u00f3n artificial de vacas implementado por la Direcci\u00f3n de Agricultura para ofrecer apoyo gratuito a los ganaderos en Siria.<\/p>\n<p>En declaraciones a la prensa, Qatana dijo que el \u00e1rea cultivada con trigo en Alepo es de unas 140.000 hect\u00e1reas, lo cual sit\u00faa a esta provincia en la primera del pa\u00eds en t\u00e9rmino de \u00e1reas cultivadas con este cereal.<\/p>\n<p style=\"text-align: justify;\"><em><strong>ah\/fm<\/strong><\/em><\/p>\n","protected":false},"excerpt":{"rendered":"<p>\u201cEl proyecto se hizo realidad gracias a una subvenci\u00f3n de la Organizaci\u00f3n de las Naciones Unidas para la Agricultura y la Alimentaci\u00f3n (FAO) y el apoyo de la Federaci\u00f3n de Rusia\u201d. Alepo, 02 feb (SANA) El ministro de Agricultura y Reforma Agraria, Mohammad Qatana, visit\u00f3 la provincia de Alepo, donde conoci\u00f3 de cerca la realidad &hellip;<\/p>\n","protected":false},"author":30,"featured_media":285300,"comment_status":"closed","ping_status":"closed","sticky":false,"template":"","format":"standard","meta":{"footnotes":""},"categories":[597,20724,476,7541],"tags":[],"class_list":["post-285299","post","type-post","status-publish","format-standard","has-post-thumbnail","","category-cinta-de-noticias","category-minuto-a-minuto","category-locales","category-ultimas-noticias"],"_links":{"self":[{"href":"https:\/\/archive.sana.sy\/es\/index.php?rest_route=\/wp\/v2\/posts\/285299"}],"collection":[{"href":"https:\/\/archive.sana.sy\/es\/index.php?rest_route=\/wp\/v2\/posts"}],"about":[{"href":"https:\/\/archive.sana.sy\/es\/index.php?rest_route=\/wp\/v2\/types\/post"}],"author":[{"embeddable":true,"href":"https:\/\/archive.sana.sy\/es\/index.php?rest_route=\/wp\/v2\/users\/30"}],"replies":[{"embeddable":true,"href":"https:\/\/archive.sana.sy\/es\/index.php?rest_route=%2Fwp%2Fv2%2Fcomments&post=285299"}],"version-history":[{"count":0,"href":"https:\/\/archive.sana.sy\/es\/index.php?rest_route=\/wp\/v2\/posts\/285299\/revisions"}],"wp:featuredmedia":[{"embeddable":true,"href":"https:\/\/archive.sana.sy\/es\/index.php?rest_route=\/wp\/v2\/media\/285300"}],"wp:attachment":[{"href":"https:\/\/archive.sana.sy\/es\/index.php?rest_route=%2Fwp%2Fv2%2Fmedia&parent=285299"}],"wp:term":[{"taxonomy":"category","embeddable":true,"href":"https:\/\/archive.sana.sy\/es\/index.php?rest_route=%2Fwp%2Fv2%2Fcategories&post=285299"},{"taxonomy":"post_tag","embeddable":true,"href":"https:\/\/archive.sana.sy\/es\/index.php?rest_route=%2Fwp%2Fv2%2Ftags&post=285299"}],"curies":[{"name":"wp","href":"https:\/\/api.w.org\/{rel}","templated":true}]}}