{"id":285303,"date":"2023-02-02T21:09:57","date_gmt":"2023-02-02T19:09:57","guid":{"rendered":"https:\/\/sana.sy\/es\/?p=285303"},"modified":"2023-02-03T06:01:30","modified_gmt":"2023-02-03T04:01:30","slug":"el-envio-de-tanques-a-ucrania-es-una-provocacion-irracional-a-la-tercera-guerra-mundial-fustiga-morales","status":"publish","type":"post","link":"https:\/\/archive.sana.sy\/es\/?p=285303","title":{"rendered":"El env\u00edo de tanques a Ucrania es una \u201cprovocaci\u00f3n irracional\u201d a la tercera guerra mundial, fustiga Morales"},"content":{"rendered":"<blockquote>\n<p style=\"text-align: justify;\"><span style=\"color: #ff6600;\"><strong>\u201cEl imperio busca la guerra y la muerte para establecer un nuevo orden mundial, y consider\u00f3 que el armamentismo intervencionista estadounidense es la muestra de su decadencia\u201d<\/strong><\/span><\/p>\n<\/blockquote>\n<p style=\"text-align: justify;\"><span style=\"color: #800000;\"><strong>La Paz, 02 feb (SANA)<\/strong><\/span> El expresidente de Bolivia Evo Morales calific\u00f3 como una &#8220;provocaci\u00f3n irracional&#8221; a la tercera guerra mundial el env\u00edo de tanques y m\u00e1s armas a Ucrania por parte de los pa\u00edses de la (OTAN).<\/p>\n<p style=\"text-align: justify;\">\u201cEste env\u00edo de tanques y armamento de parte de EE.UU., la OTAN y algunos pa\u00edses europeos a Ucrania es la provocaci\u00f3n irracional hacia la tercera guerra mundial\u201d, tute\u00f3 Morales citado por la cadena RT.<\/p>\n<p style=\"text-align: justify;\">El expresidente boliviano llam\u00f3 a los gobiernos y pueblos libres del mundo levantar sus voces, defender la paz y la vida de la humanidad.<\/p>\n<p style=\"text-align: justify;\">Asimismo, insisti\u00f3 en que el imperio busca la guerra y la muerte para establecer un nuevo orden mundial, y consider\u00f3 que el armamentismo intervencionista estadounidense es la muestra de su decadencia.<\/p>\n<p style=\"text-align: justify;\">\u201cEntrampados en sus esc\u00e1ndalos de corrupci\u00f3n familiar y manipulaci\u00f3n de documentaci\u00f3n confidencial, los gobiernos de EE.UU. se dedican a patrocinar golpes, magnicidios y conflictos b\u00e9licos en el mundo\u201d, enfatiz\u00f3.<\/p>\n<p style=\"text-align: justify;\"><em><strong>ah\/fm<\/strong><\/em><\/p>\n","protected":false},"excerpt":{"rendered":"<p>\u201cEl imperio busca la guerra y la muerte para establecer un nuevo orden mundial, y consider\u00f3 que el armamentismo intervencionista estadounidense es la muestra de su decadencia\u201d La Paz, 02 feb (SANA) El expresidente de Bolivia Evo Morales calific\u00f3 como una &#8220;provocaci\u00f3n irracional&#8221; a la tercera guerra mundial el env\u00edo de tanques y m\u00e1s armas &hellip;<\/p>\n","protected":false},"author":30,"featured_media":285304,"comment_status":"closed","ping_status":"closed","sticky":false,"template":"","format":"standard","meta":{"footnotes":""},"categories":[456,16687,20724],"tags":[],"class_list":["post-285303","post","type-post","status-publish","format-standard","has-post-thumbnail","","category-arabe-internacional-politica","category-internacionales","category-minuto-a-minuto"],"_links":{"self":[{"href":"https:\/\/archive.sana.sy\/es\/index.php?rest_route=\/wp\/v2\/posts\/285303"}],"collection":[{"href":"https:\/\/archive.sana.sy\/es\/index.php?rest_route=\/wp\/v2\/posts"}],"about":[{"href":"https:\/\/archive.sana.sy\/es\/index.php?rest_route=\/wp\/v2\/types\/post"}],"author":[{"embeddable":true,"href":"https:\/\/archive.sana.sy\/es\/index.php?rest_route=\/wp\/v2\/users\/30"}],"replies":[{"embeddable":true,"href":"https:\/\/archive.sana.sy\/es\/index.php?rest_route=%2Fwp%2Fv2%2Fcomments&post=285303"}],"version-history":[{"count":0,"href":"https:\/\/archive.sana.sy\/es\/index.php?rest_route=\/wp\/v2\/posts\/285303\/revisions"}],"wp:featuredmedia":[{"embeddable":true,"href":"https:\/\/archive.sana.sy\/es\/index.php?rest_route=\/wp\/v2\/media\/285304"}],"wp:attachment":[{"href":"https:\/\/archive.sana.sy\/es\/index.php?rest_route=%2Fwp%2Fv2%2Fmedia&parent=285303"}],"wp:term":[{"taxonomy":"category","embeddable":true,"href":"https:\/\/archive.sana.sy\/es\/index.php?rest_route=%2Fwp%2Fv2%2Fcategories&post=285303"},{"taxonomy":"post_tag","embeddable":true,"href":"https:\/\/archive.sana.sy\/es\/index.php?rest_route=%2Fwp%2Fv2%2Ftags&post=285303"}],"curies":[{"name":"wp","href":"https:\/\/api.w.org\/{rel}","templated":true}]}}