{"id":285310,"date":"2023-02-03T06:29:06","date_gmt":"2023-02-03T04:29:06","guid":{"rendered":"https:\/\/sana.sy\/es\/?p=285310"},"modified":"2023-02-03T06:29:06","modified_gmt":"2023-02-03T04:29:06","slug":"fuerzas-del-ocupante-israeli-demuelen-una-casa-en-cisjordania","status":"publish","type":"post","link":"https:\/\/archive.sana.sy\/es\/?p=285310","title":{"rendered":"Fuerzas del ocupante israel\u00ed demuelen una casa en Cisjordania"},"content":{"rendered":"<p style=\"text-align: justify;\"><span style=\"color: #800000;\"><strong>Jerusal\u00e9n ocupada, 03 feb (SANA)<\/strong><\/span> Las fuerzas de ocupaci\u00f3n israel\u00edes demolieron la v\u00edspera una casa palestina cerca del santuario del profeta Mois\u00e9s, al sur de Jeric\u00f3, en Cisjordania.<\/p>\n<p style=\"text-align: justify;\">Seg\u00fan divulg\u00f3 la agencia palestina de noticias WAFA, las tropas sionistas irrumpieron en la zona con varias excavadoras, demolieron una casa palestina y desplazaron a sus habitantes.<\/p>\n<p style=\"text-align: justify;\">Similar demolici\u00f3n arbitraria a dos casas a manos de las fuerzas ocupantes israel\u00edes tuvieron lugar en la aldea de Duma, al sur de la ciudad cisjordana de Naplusa.<\/p>\n<p style=\"text-align: justify;\"><em><strong>ah\/fm<\/strong><\/em><\/p>\n","protected":false},"excerpt":{"rendered":"<p>Jerusal\u00e9n ocupada, 03 feb (SANA) Las fuerzas de ocupaci\u00f3n israel\u00edes demolieron la v\u00edspera una casa palestina cerca del santuario del profeta Mois\u00e9s, al sur de Jeric\u00f3, en Cisjordania. Seg\u00fan divulg\u00f3 la agencia palestina de noticias WAFA, las tropas sionistas irrumpieron en la zona con varias excavadoras, demolieron una casa palestina y desplazaron a sus habitantes. &hellip;<\/p>\n","protected":false},"author":30,"featured_media":285311,"comment_status":"closed","ping_status":"closed","sticky":false,"template":"","format":"standard","meta":{"footnotes":""},"categories":[456,16687,20724],"tags":[],"class_list":["post-285310","post","type-post","status-publish","format-standard","has-post-thumbnail","","category-arabe-internacional-politica","category-internacionales","category-minuto-a-minuto"],"_links":{"self":[{"href":"https:\/\/archive.sana.sy\/es\/index.php?rest_route=\/wp\/v2\/posts\/285310"}],"collection":[{"href":"https:\/\/archive.sana.sy\/es\/index.php?rest_route=\/wp\/v2\/posts"}],"about":[{"href":"https:\/\/archive.sana.sy\/es\/index.php?rest_route=\/wp\/v2\/types\/post"}],"author":[{"embeddable":true,"href":"https:\/\/archive.sana.sy\/es\/index.php?rest_route=\/wp\/v2\/users\/30"}],"replies":[{"embeddable":true,"href":"https:\/\/archive.sana.sy\/es\/index.php?rest_route=%2Fwp%2Fv2%2Fcomments&post=285310"}],"version-history":[{"count":0,"href":"https:\/\/archive.sana.sy\/es\/index.php?rest_route=\/wp\/v2\/posts\/285310\/revisions"}],"wp:featuredmedia":[{"embeddable":true,"href":"https:\/\/archive.sana.sy\/es\/index.php?rest_route=\/wp\/v2\/media\/285311"}],"wp:attachment":[{"href":"https:\/\/archive.sana.sy\/es\/index.php?rest_route=%2Fwp%2Fv2%2Fmedia&parent=285310"}],"wp:term":[{"taxonomy":"category","embeddable":true,"href":"https:\/\/archive.sana.sy\/es\/index.php?rest_route=%2Fwp%2Fv2%2Fcategories&post=285310"},{"taxonomy":"post_tag","embeddable":true,"href":"https:\/\/archive.sana.sy\/es\/index.php?rest_route=%2Fwp%2Fv2%2Ftags&post=285310"}],"curies":[{"name":"wp","href":"https:\/\/api.w.org\/{rel}","templated":true}]}}