{"id":285316,"date":"2023-02-03T07:09:56","date_gmt":"2023-02-03T05:09:56","guid":{"rendered":"https:\/\/sana.sy\/es\/?p=285316"},"modified":"2023-02-03T07:09:56","modified_gmt":"2023-02-03T05:09:56","slug":"rusia-y-china-ratifican-necesidad-de-construir-un-orden-mundial-multipolar-mas-justo-y-democratico","status":"publish","type":"post","link":"https:\/\/archive.sana.sy\/es\/?p=285316","title":{"rendered":"Rusia y China ratifican necesidad de construir un orden mundial multipolar m\u00e1s justo y democr\u00e1tico"},"content":{"rendered":"<blockquote>\n<p style=\"text-align: justify;\"><span style=\"color: #ff6600;\"><strong>\u201cLavrov y Zhaoxu ratificaron el rechazo de las pol\u00edticas de confrontaci\u00f3n y los intentos de los pa\u00edses individuales de interferir en los asuntos internos de otros pa\u00edses para frenar su desarrollo a trav\u00e9s de sanciones y m\u00e9todos ilegales\u201d<\/strong><\/span><\/p>\n<\/blockquote>\n<p style=\"text-align: justify;\">Mosc\u00fa, 03 feb (SANA) El ministro de Exteriores de Rusia, Sergu\u00e9i Lavrov, y el primer viceministro de Exteriores de China, Ma Zhaoxu, enfatizaron la estricta salvaguardia de la soberan\u00eda, la seguridad y los intereses de desarrollo de sus pa\u00edses y la construcci\u00f3n de un orden mundial multipolar m\u00e1s justo y democr\u00e1tico.<\/p>\n<p style=\"text-align: justify;\">Esta postura se produjo en un comunicado de la Canciller\u00eda rusa citado por la agencia rusa Novosti.<\/p>\n<p style=\"text-align: justify;\">\u201cDurante su reuni\u00f3n, Lavrov y Zhaoxu ratificaron el rechazo de las pol\u00edticas de confrontaci\u00f3n y los intentos de los pa\u00edses individuales de interferir en los asuntos internos de otros pa\u00edses para frenar su desarrollo a trav\u00e9s de sanciones y m\u00e9todos ilegales\u201d, rez\u00f3 el comunicado.<\/p>\n<p style=\"text-align: justify;\">El Canciller ruso elogi\u00f3 la cooperaci\u00f3n con Beijing en las Naciones Unidas, el Grupo BRICS y la Organizaci\u00f3n de Cooperaci\u00f3n de Shangh\u00e1i, y resalt\u00f3 que las relaciones entre Rusia y China se est\u00e1n desarrollando din\u00e1micamente en l\u00ednea con los acuerdos alcanzados entre los l\u00edderes de ambos pa\u00edses durante sus conversaciones a fines del a\u00f1o pasado.<\/p>\n<p style=\"text-align: justify;\"><em><strong>ah<\/strong><\/em><\/p>\n","protected":false},"excerpt":{"rendered":"<p>\u201cLavrov y Zhaoxu ratificaron el rechazo de las pol\u00edticas de confrontaci\u00f3n y los intentos de los pa\u00edses individuales de interferir en los asuntos internos de otros pa\u00edses para frenar su desarrollo a trav\u00e9s de sanciones y m\u00e9todos ilegales\u201d Mosc\u00fa, 03 feb (SANA) El ministro de Exteriores de Rusia, Sergu\u00e9i Lavrov, y el primer viceministro de &hellip;<\/p>\n","protected":false},"author":30,"featured_media":285317,"comment_status":"closed","ping_status":"closed","sticky":false,"template":"","format":"standard","meta":{"footnotes":""},"categories":[456,16687,20724],"tags":[],"class_list":["post-285316","post","type-post","status-publish","format-standard","has-post-thumbnail","","category-arabe-internacional-politica","category-internacionales","category-minuto-a-minuto"],"_links":{"self":[{"href":"https:\/\/archive.sana.sy\/es\/index.php?rest_route=\/wp\/v2\/posts\/285316"}],"collection":[{"href":"https:\/\/archive.sana.sy\/es\/index.php?rest_route=\/wp\/v2\/posts"}],"about":[{"href":"https:\/\/archive.sana.sy\/es\/index.php?rest_route=\/wp\/v2\/types\/post"}],"author":[{"embeddable":true,"href":"https:\/\/archive.sana.sy\/es\/index.php?rest_route=\/wp\/v2\/users\/30"}],"replies":[{"embeddable":true,"href":"https:\/\/archive.sana.sy\/es\/index.php?rest_route=%2Fwp%2Fv2%2Fcomments&post=285316"}],"version-history":[{"count":0,"href":"https:\/\/archive.sana.sy\/es\/index.php?rest_route=\/wp\/v2\/posts\/285316\/revisions"}],"wp:featuredmedia":[{"embeddable":true,"href":"https:\/\/archive.sana.sy\/es\/index.php?rest_route=\/wp\/v2\/media\/285317"}],"wp:attachment":[{"href":"https:\/\/archive.sana.sy\/es\/index.php?rest_route=%2Fwp%2Fv2%2Fmedia&parent=285316"}],"wp:term":[{"taxonomy":"category","embeddable":true,"href":"https:\/\/archive.sana.sy\/es\/index.php?rest_route=%2Fwp%2Fv2%2Fcategories&post=285316"},{"taxonomy":"post_tag","embeddable":true,"href":"https:\/\/archive.sana.sy\/es\/index.php?rest_route=%2Fwp%2Fv2%2Ftags&post=285316"}],"curies":[{"name":"wp","href":"https:\/\/api.w.org\/{rel}","templated":true}]}}