{"id":285322,"date":"2023-02-03T08:10:53","date_gmt":"2023-02-03T06:10:53","guid":{"rendered":"https:\/\/sana.sy\/es\/?p=285322"},"modified":"2023-02-03T08:10:53","modified_gmt":"2023-02-03T06:10:53","slug":"venezuela-conmemora-24-aniversario-de-la-revolucion-bolivariana","status":"publish","type":"post","link":"https:\/\/archive.sana.sy\/es\/?p=285322","title":{"rendered":"Venezuela conmemora 24\u00b0 aniversario de la Revoluci\u00f3n Bolivariana"},"content":{"rendered":"<p style=\"text-align: justify;\"><span style=\"color: #800000;\"><strong>Caracas, 03 feb (SANA)<\/strong><\/span> Venezuela conmemor\u00f3 este jueves el 24 Aniversario de la Revoluci\u00f3n Bolivariana.<\/p>\n<p style=\"text-align: justify;\">Con esta ocasi\u00f3n el presidente bolivariano Nicol\u00e1s Maduro, record\u00f3 la juramentaci\u00f3n del Comandante Hugo Ch\u00e1vez como presidente del pa\u00eds en 1999 y lo calific\u00f3 como refundaci\u00f3n de la patria, seg\u00fan divulg\u00f3 Telesur.<\/p>\n<p style=\"text-align: justify;\">\u201cCelebramos 24 a\u00f1os de Revoluci\u00f3n permanente y compromiso irreversible con la Patria Nueva. Hoy podemos afirmar que ha valido la pena todo el sacrificio y el trabajo para llevar adelante el proyecto bolivariano impulsado por nuestro Comandante Ch\u00e1vez\u201d, manifest\u00f3 el mandatario.<\/p>\n<p style=\"text-align: justify;\">Maduro calific\u00f3 al pueblo venezolano como intelectual org\u00e1nico de la revoluci\u00f3n, y convoc\u00f3 \u201ca defender la uni\u00f3n del movimiento popular, del movimiento bolivariano, del movimiento chavista\u201d.<\/p>\n<p style=\"text-align: justify;\">\u201cVenezuela se respeta y no acepta modelos coloniales sobre su industria gas\u00edfera, petrolera, sobre su econom\u00eda y sobre nuestro pa\u00eds\u201d, fustig\u00f3 el mandatario al dirigirse al Gobierno de Estados Unidos.<\/p>\n<p style=\"text-align: justify;\">Durante la conmemoraci\u00f3n, el presidente Nicol\u00e1s Maduro autoriz\u00f3 49 obras de salud de primer nivel y a su vez de cinco centros totalmente equipados.<\/p>\n<p style=\"text-align: justify;\"><em><strong>ah\/fm<\/strong><\/em><\/p>\n","protected":false},"excerpt":{"rendered":"<p>Caracas, 03 feb (SANA) Venezuela conmemor\u00f3 este jueves el 24 Aniversario de la Revoluci\u00f3n Bolivariana. Con esta ocasi\u00f3n el presidente bolivariano Nicol\u00e1s Maduro, record\u00f3 la juramentaci\u00f3n del Comandante Hugo Ch\u00e1vez como presidente del pa\u00eds en 1999 y lo calific\u00f3 como refundaci\u00f3n de la patria, seg\u00fan divulg\u00f3 Telesur. \u201cCelebramos 24 a\u00f1os de Revoluci\u00f3n permanente y compromiso &hellip;<\/p>\n","protected":false},"author":30,"featured_media":285325,"comment_status":"closed","ping_status":"closed","sticky":false,"template":"","format":"standard","meta":{"footnotes":""},"categories":[456,16687,20724],"tags":[],"class_list":["post-285322","post","type-post","status-publish","format-standard","has-post-thumbnail","","category-arabe-internacional-politica","category-internacionales","category-minuto-a-minuto"],"_links":{"self":[{"href":"https:\/\/archive.sana.sy\/es\/index.php?rest_route=\/wp\/v2\/posts\/285322"}],"collection":[{"href":"https:\/\/archive.sana.sy\/es\/index.php?rest_route=\/wp\/v2\/posts"}],"about":[{"href":"https:\/\/archive.sana.sy\/es\/index.php?rest_route=\/wp\/v2\/types\/post"}],"author":[{"embeddable":true,"href":"https:\/\/archive.sana.sy\/es\/index.php?rest_route=\/wp\/v2\/users\/30"}],"replies":[{"embeddable":true,"href":"https:\/\/archive.sana.sy\/es\/index.php?rest_route=%2Fwp%2Fv2%2Fcomments&post=285322"}],"version-history":[{"count":0,"href":"https:\/\/archive.sana.sy\/es\/index.php?rest_route=\/wp\/v2\/posts\/285322\/revisions"}],"wp:featuredmedia":[{"embeddable":true,"href":"https:\/\/archive.sana.sy\/es\/index.php?rest_route=\/wp\/v2\/media\/285325"}],"wp:attachment":[{"href":"https:\/\/archive.sana.sy\/es\/index.php?rest_route=%2Fwp%2Fv2%2Fmedia&parent=285322"}],"wp:term":[{"taxonomy":"category","embeddable":true,"href":"https:\/\/archive.sana.sy\/es\/index.php?rest_route=%2Fwp%2Fv2%2Fcategories&post=285322"},{"taxonomy":"post_tag","embeddable":true,"href":"https:\/\/archive.sana.sy\/es\/index.php?rest_route=%2Fwp%2Fv2%2Ftags&post=285322"}],"curies":[{"name":"wp","href":"https:\/\/api.w.org\/{rel}","templated":true}]}}