{"id":285333,"date":"2023-02-03T10:06:16","date_gmt":"2023-02-03T08:06:16","guid":{"rendered":"https:\/\/sana.sy\/es\/?p=285333"},"modified":"2023-02-03T10:06:16","modified_gmt":"2023-02-03T08:06:16","slug":"protestan-en-filipinas-contra-pacto-militar-que-otorga-mas-bases-militares-a-eeuu","status":"publish","type":"post","link":"https:\/\/archive.sana.sy\/es\/?p=285333","title":{"rendered":"Protestan en Filipinas contra pacto militar que otorga m\u00e1s bases militares a EEUU"},"content":{"rendered":"<blockquote>\n<p style=\"text-align: justify;\"><span style=\"color: #ff6600;\"><strong>\u201cEl pueblo filipino no necesita m\u00e1s soldados e instalaciones militares estadounidenses en el pa\u00eds ya que esto arrastrar\u00e1 a Filipinas al conflicto entre China y Estados Unidos\u201d<\/strong><\/span><\/p>\n<\/blockquote>\n<p style=\"text-align: justify;\"><span style=\"color: #800000;\"><strong>Manila, 03 feb (SANA)<\/strong><\/span> Decenas de activistas filipinos se manifestaron hoy en contra de la visita al pa\u00eds del secretario de Defensa de Estados Unidos, Lloyd Austin.<\/p>\n<p style=\"text-align: justify;\">\u201cEl pueblo filipino no necesita m\u00e1s soldados e instalaciones militares estadounidenses en el pa\u00eds ya que esto arrastrar\u00e1 a Filipinas al conflicto entre China y Estados Unidos\u201d, dijo Teddy Casi\u00f1o, exlegislador del partido de izquierda Bayan Muna.<\/p>\n<p style=\"text-align: justify;\">De acuerdo a medios locales citados por Sputnik, los activistas se manifestaron frente a la sede de las Fuerzas Armadas, en Manila, en donde se reunieron y su hom\u00f3logo filipino, Carlito G\u00e1lvez, para firmar la ampliaci\u00f3n del Acuerdo de Cooperaci\u00f3n Reforzada en materia de Defensa (EDCA).<\/p>\n<p style=\"text-align: justify;\">Este rechazo se remonta a la historia de violencia y abusos por parte de los soldados estadounidenses en Filipinas, la cual contin\u00faa siendo un tema delicado.<\/p>\n<p style=\"text-align: justify;\"><em><strong>ah\/fm<\/strong><\/em><\/p>\n","protected":false},"excerpt":{"rendered":"<p>\u201cEl pueblo filipino no necesita m\u00e1s soldados e instalaciones militares estadounidenses en el pa\u00eds ya que esto arrastrar\u00e1 a Filipinas al conflicto entre China y Estados Unidos\u201d Manila, 03 feb (SANA) Decenas de activistas filipinos se manifestaron hoy en contra de la visita al pa\u00eds del secretario de Defensa de Estados Unidos, Lloyd Austin. \u201cEl &hellip;<\/p>\n","protected":false},"author":30,"featured_media":285334,"comment_status":"closed","ping_status":"closed","sticky":false,"template":"","format":"standard","meta":{"footnotes":""},"categories":[456,16687,20724],"tags":[],"class_list":["post-285333","post","type-post","status-publish","format-standard","has-post-thumbnail","","category-arabe-internacional-politica","category-internacionales","category-minuto-a-minuto"],"_links":{"self":[{"href":"https:\/\/archive.sana.sy\/es\/index.php?rest_route=\/wp\/v2\/posts\/285333"}],"collection":[{"href":"https:\/\/archive.sana.sy\/es\/index.php?rest_route=\/wp\/v2\/posts"}],"about":[{"href":"https:\/\/archive.sana.sy\/es\/index.php?rest_route=\/wp\/v2\/types\/post"}],"author":[{"embeddable":true,"href":"https:\/\/archive.sana.sy\/es\/index.php?rest_route=\/wp\/v2\/users\/30"}],"replies":[{"embeddable":true,"href":"https:\/\/archive.sana.sy\/es\/index.php?rest_route=%2Fwp%2Fv2%2Fcomments&post=285333"}],"version-history":[{"count":0,"href":"https:\/\/archive.sana.sy\/es\/index.php?rest_route=\/wp\/v2\/posts\/285333\/revisions"}],"wp:featuredmedia":[{"embeddable":true,"href":"https:\/\/archive.sana.sy\/es\/index.php?rest_route=\/wp\/v2\/media\/285334"}],"wp:attachment":[{"href":"https:\/\/archive.sana.sy\/es\/index.php?rest_route=%2Fwp%2Fv2%2Fmedia&parent=285333"}],"wp:term":[{"taxonomy":"category","embeddable":true,"href":"https:\/\/archive.sana.sy\/es\/index.php?rest_route=%2Fwp%2Fv2%2Fcategories&post=285333"},{"taxonomy":"post_tag","embeddable":true,"href":"https:\/\/archive.sana.sy\/es\/index.php?rest_route=%2Fwp%2Fv2%2Ftags&post=285333"}],"curies":[{"name":"wp","href":"https:\/\/api.w.org\/{rel}","templated":true}]}}