{"id":285540,"date":"2023-02-04T14:45:56","date_gmt":"2023-02-04T12:45:56","guid":{"rendered":"https:\/\/sana.sy\/es\/?p=285540"},"modified":"2023-02-04T14:53:47","modified_gmt":"2023-02-04T12:53:47","slug":"medvedev-las-regiones-ucranianas-estaran-en-llamas-en-caso-de-ataques-a-crimea","status":"publish","type":"post","link":"https:\/\/archive.sana.sy\/es\/?p=285540","title":{"rendered":"Medv\u00e9dev: las regiones ucranianas estar\u00e1n en llamas en caso de ataques a Crimea"},"content":{"rendered":"<blockquote>\n<p style=\"text-align: justify;\"><em><span style=\"color: #800000;\"><strong>&#8220;En funci\u00f3n del car\u00e1cter de las amenazas, Rusia est\u00e1 dispuesta a emplear todas las clases de armas de conformidad a sus doctrinas, incluidas las bases de disuasi\u00f3n nuclear&#8221;<\/strong><\/span><\/em><\/p>\n<\/blockquote>\n<p style=\"text-align: justify;\"><strong>Mosc\u00fa, 04 feb (SANA)<\/strong> El expresidente ruso Dmitri Medv\u00e9dev asegur\u00f3 hoy que todas las regiones ucranianas bajo el control de Kiev estar\u00e1n en llamas si las armas modernas atacan la pen\u00ednsula de Crimea o el interior de Rusia.<\/p>\n<p style=\"text-align: justify;\">&#8220;En caso de ataques de las Fuerzas Armadas de Ucrania contra Crimea o el interior de Rusia, la respuesta ser\u00e1 r\u00e1pida, firme y contundente&#8221;, asegur\u00f3 el vicepresidente del Consejo de Seguridad de Rusia, citado por Sputnik.<\/p>\n<p style=\"text-align: justify;\">El exmandatario se\u00f1al\u00f3 que &#8220;en funci\u00f3n del car\u00e1cter de las amenazas, Rusia est\u00e1 dispuesta a emplear &#8220;todas las clases de armas&#8221; de conformidad a sus doctrinas, incluidas las bases de disuasi\u00f3n nuclear&#8221;.<\/p>\n<p style=\"text-align: justify;\">El alto funcionario cree que el personal del Pent\u00e1gono es m\u00e1s sensato que quienes trabajan en la Casa Blanca o el Capitolio y se dan cuenta de las consecuencias de esta clase de ataques.<\/p>\n<p style=\"text-align: justify;\">fm\/sm<\/p>\n","protected":false},"excerpt":{"rendered":"<p>&#8220;En funci\u00f3n del car\u00e1cter de las amenazas, Rusia est\u00e1 dispuesta a emplear todas las clases de armas de conformidad a sus doctrinas, incluidas las bases de disuasi\u00f3n nuclear&#8221; Mosc\u00fa, 04 feb (SANA) El expresidente ruso Dmitri Medv\u00e9dev asegur\u00f3 hoy que todas las regiones ucranianas bajo el control de Kiev estar\u00e1n en llamas si las armas &hellip;<\/p>\n","protected":false},"author":39,"featured_media":285544,"comment_status":"closed","ping_status":"closed","sticky":false,"template":"","format":"standard","meta":{"footnotes":""},"categories":[597,456,16687,20724,7541],"tags":[],"class_list":["post-285540","post","type-post","status-publish","format-standard","has-post-thumbnail","","category-cinta-de-noticias","category-arabe-internacional-politica","category-internacionales","category-minuto-a-minuto","category-ultimas-noticias"],"_links":{"self":[{"href":"https:\/\/archive.sana.sy\/es\/index.php?rest_route=\/wp\/v2\/posts\/285540"}],"collection":[{"href":"https:\/\/archive.sana.sy\/es\/index.php?rest_route=\/wp\/v2\/posts"}],"about":[{"href":"https:\/\/archive.sana.sy\/es\/index.php?rest_route=\/wp\/v2\/types\/post"}],"author":[{"embeddable":true,"href":"https:\/\/archive.sana.sy\/es\/index.php?rest_route=\/wp\/v2\/users\/39"}],"replies":[{"embeddable":true,"href":"https:\/\/archive.sana.sy\/es\/index.php?rest_route=%2Fwp%2Fv2%2Fcomments&post=285540"}],"version-history":[{"count":0,"href":"https:\/\/archive.sana.sy\/es\/index.php?rest_route=\/wp\/v2\/posts\/285540\/revisions"}],"wp:featuredmedia":[{"embeddable":true,"href":"https:\/\/archive.sana.sy\/es\/index.php?rest_route=\/wp\/v2\/media\/285544"}],"wp:attachment":[{"href":"https:\/\/archive.sana.sy\/es\/index.php?rest_route=%2Fwp%2Fv2%2Fmedia&parent=285540"}],"wp:term":[{"taxonomy":"category","embeddable":true,"href":"https:\/\/archive.sana.sy\/es\/index.php?rest_route=%2Fwp%2Fv2%2Fcategories&post=285540"},{"taxonomy":"post_tag","embeddable":true,"href":"https:\/\/archive.sana.sy\/es\/index.php?rest_route=%2Fwp%2Fv2%2Ftags&post=285540"}],"curies":[{"name":"wp","href":"https:\/\/api.w.org\/{rel}","templated":true}]}}