{"id":285634,"date":"2023-02-05T13:11:03","date_gmt":"2023-02-05T11:11:03","guid":{"rendered":"https:\/\/sana.sy\/es\/?p=285634"},"modified":"2023-02-05T13:23:58","modified_gmt":"2023-02-05T11:23:58","slug":"el-golan-parte-inseparable-del-territorio-sirio","status":"publish","type":"post","link":"https:\/\/archive.sana.sy\/es\/?p=285634","title":{"rendered":"El Gol\u00e1n, parte inseparable del territorio sirio"},"content":{"rendered":"<p style=\"text-align: justify;\"><strong><span style=\"color: #800000;\">Damasco, 5 feb (SANA)<\/span><\/strong>\u00a0 El Gol\u00e1n sirio ocupado es el nombre \u00e1rabe de una parte inseparable de la geograf\u00eda e historia de Siria, y abarca numerosos vestigios hist\u00f3ricos que atestiguan la identidad de ese territorio que la ocupaci\u00f3n no ha podido borrar no obstante los repetidos intentos.<\/p>\n<p style=\"text-align: justify;\"><img loading=\"lazy\" decoding=\"async\" class=\"size-medium wp-image-285638 alignright\" src=\"http:\/\/sana.sy\/es\/wp-content\/uploads\/2023\/02\/\u062c\u0648\u0644\u0627\u0627\u0627\u0646-1-300x200.jpg\" alt=\"\" width=\"300\" height=\"200\" srcset=\"https:\/\/archive.sana.sy\/es\/wp-content\/uploads\/2023\/02\/\u062c\u0648\u0644\u0627\u0627\u0627\u0646-1-300x200.jpg 300w, https:\/\/archive.sana.sy\/es\/wp-content\/uploads\/2023\/02\/\u062c\u0648\u0644\u0627\u0627\u0627\u0646-1-150x100.jpg 150w, https:\/\/archive.sana.sy\/es\/wp-content\/uploads\/2023\/02\/\u062c\u0648\u0644\u0627\u0627\u0627\u0646-1.jpg 660w\" sizes=\"(max-width: 300px) 100vw, 300px\" \/><\/p>\n<p style=\"text-align: justify;\">Israel ocup\u00f3 el Gol\u00e1n durante su agresi\u00f3n contra los pa\u00edses \u00e1rabes del 5 de junio de 1967, y trabaj\u00f3 desde el primer d\u00eda a cambiar sus caracter\u00edsticas geogr\u00e1ficas y demogr\u00e1ficas, mediante la destrucci\u00f3n de poblados y granjas, as\u00ed como por medio de la creaci\u00f3n de asentamientos de colonizaci\u00f3n y el desplazamiento de la poblaci\u00f3n aut\u00f3ctona y la manipulaci\u00f3n de los vestigios arqueol\u00f3gicos.<\/p>\n<p style=\"text-align: justify;\">La ocupaci\u00f3n israel\u00ed extendi\u00f3 su control total sobre los recursos h\u00eddricos (representaban el 14% de los acu\u00edferos de Siria antes del 4 de junio de 1967). Tambi\u00e9n sembr\u00f3 minas en los terrenos agr\u00edcolas y alrededor de los centros poblacionales, y transform\u00f3 a muchos sitios en zonas militares.<\/p>\n<p style=\"text-align: justify;\">Despu\u00e9s de la guerra del 6 de octubre de 1973 y la subsiguiente guerra de desgaste, Siria e Israel firmaron el Acuerdo de Separaci\u00f3n de Fuerzas (1974) en base del cual la ciudad de Kuneitra fue devuelta a la soberan\u00eda siria aunque convertida en un mont\u00f3n de ruinas en una operaci\u00f3n salvaje llevada a cabo por las tropas de ocupaci\u00f3n israel\u00edes.<\/p>\n<p style=\"text-align: justify;\"><strong><span style=\"color: #0000ff;\"><em>Huelga contra la imposici\u00f3n de la identidad israel\u00ed<\/em><\/span><\/strong><\/p>\n<p style=\"text-align: justify;\">El 14 de diciembre de 1981, el Knesset israel\u00ed aprob\u00f3 la llamada \u201cLey del Gol\u00e1n\u201d en vitud de la cual anexiona este territorio e impone la ley, jurisdicci\u00f3n y administraci\u00f3n israel\u00edes sobre este territorio sirioi ocupado en 1967.<\/p>\n<p style=\"text-align: justify;\">Ya han pasado 42 a\u00f1os desde que \u201cIsrael\u201d tom\u00f3 esta decisi\u00f3n, sin embargo, los pobladores de este territorio ocupado afirman todos los d\u00edas su apego a su identidad \u00e1rabe siria y su firmeza ante el ocupante y sus pr\u00e1cticas arbitrarias.<\/p>\n<p style=\"text-align: justify;\">Esta decisi\u00f3n fue rechazada internacionalmente, incluso el Consejo de Seguridad Internacional reaccion\u00f3 r\u00e1pidamente a la medida israel\u00ed y adopt\u00f3 la resoluci\u00f3n 497 fechada en el 17 de diciembre de 1981 que considera la decisi\u00f3n israel\u00ed de anexarse el Gol\u00e1n nula y sin efecto jur\u00eddico alguno a nivel internacional.<\/p>\n<p style=\"text-align: justify;\">El 14 de febrero de 1982, nuestro la poblaci\u00f3n del Gol\u00e1n anunci\u00f3 una huelga general que dur\u00f3 seis meses mientras ocurrieron manifestaciones en rechazo a esta decisi\u00f3n colonial y racista.<\/p>\n<p style=\"text-align: justify;\">Hoy en d\u00eda, los golaneses ratifican su rechazo a los planes de judaizaci\u00f3n de la ocupaci\u00f3n, el m\u00e1s reciente de los cuales fue el establecimiento de turbinas e\u00f3licas sobre cientas de hect\u00e1reas de sus tierras en Majdal Shams, Ain Qinya, Baqatha y Masada, as\u00ed como el anuncio de un plan para establecer 12.000 nuevas unidades coloniales.<\/p>\n<p style=\"text-align: justify;\"><strong><span style=\"color: #0000ff;\"><em>Geogr\u00e1ficamente<\/em><\/span><\/strong><\/p>\n<p style=\"text-align: justify;\">El Gol\u00e1n es un territorio \u00e1rabe sirio situado en el extremo suroeste de Siria a lo largo de su frontera con Palestina. Su superficie total es 1860 km2, y toma una forma alargada de norte a sur (75 km de largo por 18-27 km de ancho). La posici\u00f3n geogr\u00e1fica del Gol\u00e1n reviste una gran importancia que lo convirti\u00f3 en una zona de paso para caravanas, ej\u00e9rcitos y pueblos desde la antig\u00fcedad y, en un teatro de conflicto a lo largo de los tiempos.<\/p>\n<p style=\"text-align: justify;\">El macizo monta\u00f1oso del Monte Sheikh (Herm\u00f3n) se posiciona en la parte norte del Gol\u00e1n y lo separa del valle Beka Sur en L\u00edbano. El valle Yarmouk al sur separa el Gol\u00e1n de las alturas de Agloun en la parte noroccidental de Jordania. Por el oeste el Gol\u00e1n divisa la llanura de Hule y el lago Tiber\u00edades. Por \u00faltimo el Valle Ruqad se sit\u00faa en el este entre el Gol\u00e1n y la regi\u00f3n de Haur\u00e1n.<\/p>\n<p style=\"text-align: justify;\">Si echamos un vistazo general a topograf\u00eda del Gol\u00e1n encontramos disparidad en las elevaciones, pues llegan a 2500 en la parte norte y a 15 m en la parte sur, pues la cima del Monte Sheikh que divisa el Gol\u00e1n tiene 2814 m que luego baja hasta 1200 m en MajdalShams, y despu\u00e9s baja hasta 200 m por debajo del nivel del mar, y a 125 m en Himma al sur del Gol\u00e1n.<\/p>\n<p style=\"text-align: justify;\">As\u00ed notamos un descenso paulatino en la superficie del Gol\u00e1n de norte a sur. El clima del Gol\u00e1n se clasifica como h\u00famedo monta\u00f1oso y se considera como parte de la zona extra tropical de temperaturas y precipitaciones altas o medianas, lo cual crea una diversidad clim\u00e1tica que oscila entre fr\u00edo, templado y c\u00e1lido. Todo esto crea condiciones id\u00f3neas para la agricultura y el turismo a lo largo del a\u00f1o, y por consiguiente favorable a la creaci\u00f3n de industrias vinculadas a los productos agr\u00edcolas.<\/p>\n<p style=\"text-align: justify;\">Durante el invierno el Gol\u00e1n es m\u00e1s fr\u00edo que la mayor parte de Siria durante el a\u00f1o. A pesar de la alta cantidad anual de lluvias, no hay r\u00edos permanentes en el Gol\u00e1n a excepci\u00f3n del r\u00edo Banias que corre un kil\u00f3metro solamente en territorio sirio. El Gol\u00e1n es rico en aguas subterr\u00e1neas perola tierra all\u00ed no se beneficia mucho de esas aguas.<\/p>\n<p style=\"text-align: justify;\"><em><strong>fm\/ws<\/strong><\/em><\/p>\n","protected":false},"excerpt":{"rendered":"<p>Damasco, 5 feb (SANA)\u00a0 El Gol\u00e1n sirio ocupado es el nombre \u00e1rabe de una parte inseparable de la geograf\u00eda e historia de Siria, y abarca numerosos vestigios hist\u00f3ricos que atestiguan la identidad de ese territorio que la ocupaci\u00f3n no ha podido borrar no obstante los repetidos intentos. Israel ocup\u00f3 el Gol\u00e1n durante su agresi\u00f3n contra &hellip;<\/p>\n","protected":false},"author":35,"featured_media":285636,"comment_status":"closed","ping_status":"closed","sticky":false,"template":"","format":"standard","meta":{"footnotes":""},"categories":[597,20724,476,583],"tags":[],"class_list":["post-285634","post","type-post","status-publish","format-standard","has-post-thumbnail","","category-cinta-de-noticias","category-minuto-a-minuto","category-locales","category-slide"],"_links":{"self":[{"href":"https:\/\/archive.sana.sy\/es\/index.php?rest_route=\/wp\/v2\/posts\/285634"}],"collection":[{"href":"https:\/\/archive.sana.sy\/es\/index.php?rest_route=\/wp\/v2\/posts"}],"about":[{"href":"https:\/\/archive.sana.sy\/es\/index.php?rest_route=\/wp\/v2\/types\/post"}],"author":[{"embeddable":true,"href":"https:\/\/archive.sana.sy\/es\/index.php?rest_route=\/wp\/v2\/users\/35"}],"replies":[{"embeddable":true,"href":"https:\/\/archive.sana.sy\/es\/index.php?rest_route=%2Fwp%2Fv2%2Fcomments&post=285634"}],"version-history":[{"count":0,"href":"https:\/\/archive.sana.sy\/es\/index.php?rest_route=\/wp\/v2\/posts\/285634\/revisions"}],"wp:featuredmedia":[{"embeddable":true,"href":"https:\/\/archive.sana.sy\/es\/index.php?rest_route=\/wp\/v2\/media\/285636"}],"wp:attachment":[{"href":"https:\/\/archive.sana.sy\/es\/index.php?rest_route=%2Fwp%2Fv2%2Fmedia&parent=285634"}],"wp:term":[{"taxonomy":"category","embeddable":true,"href":"https:\/\/archive.sana.sy\/es\/index.php?rest_route=%2Fwp%2Fv2%2Fcategories&post=285634"},{"taxonomy":"post_tag","embeddable":true,"href":"https:\/\/archive.sana.sy\/es\/index.php?rest_route=%2Fwp%2Fv2%2Ftags&post=285634"}],"curies":[{"name":"wp","href":"https:\/\/api.w.org\/{rel}","templated":true}]}}