{"id":285644,"date":"2023-02-05T14:16:03","date_gmt":"2023-02-05T12:16:03","guid":{"rendered":"http:\/\/107.6.182.27\/es\/?p=285644"},"modified":"2023-02-05T14:16:03","modified_gmt":"2023-02-05T12:16:03","slug":"defensa-rusa-las-perdidas-de-las-fuerzas-ucranianas-en-donetsk-durante-un-solo-dia-ascendieron-a-mas-de-115-militares-tres-vehiculos-de-combate-de-infanteria-un-obus-d-20-y-un-obus-d-30","status":"publish","type":"post","link":"https:\/\/archive.sana.sy\/es\/?p=285644","title":{"rendered":"Defensa rusa: las p\u00e9rdidas de las fuerzas ucranianas en Donetsk durante un solo d\u00eda ascendieron a m\u00e1s de 115 militares, tres veh\u00edculos de combate de infanter\u00eda, un ob\u00fas D-20 y un ob\u00fas D-30."},"content":{"rendered":"","protected":false},"excerpt":{"rendered":"","protected":false},"author":42,"featured_media":0,"comment_status":"closed","ping_status":"closed","sticky":false,"template":"","format":"standard","meta":{"footnotes":""},"categories":[20724,596],"tags":[],"class_list":["post-285644","post","type-post","status-publish","format-standard","","category-minuto-a-minuto","category-urgente"],"_links":{"self":[{"href":"https:\/\/archive.sana.sy\/es\/index.php?rest_route=\/wp\/v2\/posts\/285644"}],"collection":[{"href":"https:\/\/archive.sana.sy\/es\/index.php?rest_route=\/wp\/v2\/posts"}],"about":[{"href":"https:\/\/archive.sana.sy\/es\/index.php?rest_route=\/wp\/v2\/types\/post"}],"author":[{"embeddable":true,"href":"https:\/\/archive.sana.sy\/es\/index.php?rest_route=\/wp\/v2\/users\/42"}],"replies":[{"embeddable":true,"href":"https:\/\/archive.sana.sy\/es\/index.php?rest_route=%2Fwp%2Fv2%2Fcomments&post=285644"}],"version-history":[{"count":0,"href":"https:\/\/archive.sana.sy\/es\/index.php?rest_route=\/wp\/v2\/posts\/285644\/revisions"}],"wp:attachment":[{"href":"https:\/\/archive.sana.sy\/es\/index.php?rest_route=%2Fwp%2Fv2%2Fmedia&parent=285644"}],"wp:term":[{"taxonomy":"category","embeddable":true,"href":"https:\/\/archive.sana.sy\/es\/index.php?rest_route=%2Fwp%2Fv2%2Fcategories&post=285644"},{"taxonomy":"post_tag","embeddable":true,"href":"https:\/\/archive.sana.sy\/es\/index.php?rest_route=%2Fwp%2Fv2%2Ftags&post=285644"}],"curies":[{"name":"wp","href":"https:\/\/api.w.org\/{rel}","templated":true}]}}