{"id":285734,"date":"2023-02-06T10:21:45","date_gmt":"2023-02-06T08:21:45","guid":{"rendered":"https:\/\/sana.sy\/es\/?p=285734"},"modified":"2023-02-06T10:21:45","modified_gmt":"2023-02-06T08:21:45","slug":"%f0%9f%87%b8%f0%9f%87%be%f0%9f%87%b7%f0%9f%87%ba-el-presidente-ruso-vladimir-putin-expresa-sus-condolencias-al-presidente-sirio-bashar-al-assad-por-las-victimas-del-devastador-terremoto-ocurrido-esta","status":"publish","type":"post","link":"https:\/\/archive.sana.sy\/es\/?p=285734","title":{"rendered":"???????????????? El presidente ruso Vladimir Putin, expresa sus condolencias al presidente sirio Bashar al-Assad por las v\u00edctimas del devastador terremoto ocurrido esta ma\u00f1ana, y reitera la disposici\u00f3n de Rusia para ayudar a enfrentar las repercusiones."},"content":{"rendered":"","protected":false},"excerpt":{"rendered":"","protected":false},"author":32,"featured_media":0,"comment_status":"closed","ping_status":"closed","sticky":false,"template":"","format":"standard","meta":{"footnotes":""},"categories":[596],"tags":[],"class_list":["post-285734","post","type-post","status-publish","format-standard","","category-urgente"],"_links":{"self":[{"href":"https:\/\/archive.sana.sy\/es\/index.php?rest_route=\/wp\/v2\/posts\/285734"}],"collection":[{"href":"https:\/\/archive.sana.sy\/es\/index.php?rest_route=\/wp\/v2\/posts"}],"about":[{"href":"https:\/\/archive.sana.sy\/es\/index.php?rest_route=\/wp\/v2\/types\/post"}],"author":[{"embeddable":true,"href":"https:\/\/archive.sana.sy\/es\/index.php?rest_route=\/wp\/v2\/users\/32"}],"replies":[{"embeddable":true,"href":"https:\/\/archive.sana.sy\/es\/index.php?rest_route=%2Fwp%2Fv2%2Fcomments&post=285734"}],"version-history":[{"count":0,"href":"https:\/\/archive.sana.sy\/es\/index.php?rest_route=\/wp\/v2\/posts\/285734\/revisions"}],"wp:attachment":[{"href":"https:\/\/archive.sana.sy\/es\/index.php?rest_route=%2Fwp%2Fv2%2Fmedia&parent=285734"}],"wp:term":[{"taxonomy":"category","embeddable":true,"href":"https:\/\/archive.sana.sy\/es\/index.php?rest_route=%2Fwp%2Fv2%2Fcategories&post=285734"},{"taxonomy":"post_tag","embeddable":true,"href":"https:\/\/archive.sana.sy\/es\/index.php?rest_route=%2Fwp%2Fv2%2Ftags&post=285734"}],"curies":[{"name":"wp","href":"https:\/\/api.w.org\/{rel}","templated":true}]}}