{"id":285751,"date":"2023-02-06T12:04:35","date_gmt":"2023-02-06T10:04:35","guid":{"rendered":"https:\/\/sana.sy\/es\/?p=285751"},"modified":"2023-02-06T12:04:35","modified_gmt":"2023-02-06T10:04:35","slug":"%e2%9a%a1%ef%b8%8f-ultima-hora-cifra-de-victimas-en-siria-por-el-terremoto-aumento-a-326-y-el-numero-de-heridos-ascendio-a-1042-anuncia-ministerio-de-salud","status":"publish","type":"post","link":"https:\/\/archive.sana.sy\/es\/?p=285751","title":{"rendered":"\u26a1\ufe0f \u00daLTIMA HORA| Cifra de v\u00edctimas en Siria por el terremoto aument\u00f3 a 326 y el n\u00famero de heridos ascendi\u00f3 a 1042, anuncia Ministerio de Salud"},"content":{"rendered":"","protected":false},"excerpt":{"rendered":"","protected":false},"author":32,"featured_media":0,"comment_status":"closed","ping_status":"closed","sticky":false,"template":"","format":"standard","meta":{"footnotes":""},"categories":[596],"tags":[],"class_list":["post-285751","post","type-post","status-publish","format-standard","","category-urgente"],"_links":{"self":[{"href":"https:\/\/archive.sana.sy\/es\/index.php?rest_route=\/wp\/v2\/posts\/285751"}],"collection":[{"href":"https:\/\/archive.sana.sy\/es\/index.php?rest_route=\/wp\/v2\/posts"}],"about":[{"href":"https:\/\/archive.sana.sy\/es\/index.php?rest_route=\/wp\/v2\/types\/post"}],"author":[{"embeddable":true,"href":"https:\/\/archive.sana.sy\/es\/index.php?rest_route=\/wp\/v2\/users\/32"}],"replies":[{"embeddable":true,"href":"https:\/\/archive.sana.sy\/es\/index.php?rest_route=%2Fwp%2Fv2%2Fcomments&post=285751"}],"version-history":[{"count":0,"href":"https:\/\/archive.sana.sy\/es\/index.php?rest_route=\/wp\/v2\/posts\/285751\/revisions"}],"wp:attachment":[{"href":"https:\/\/archive.sana.sy\/es\/index.php?rest_route=%2Fwp%2Fv2%2Fmedia&parent=285751"}],"wp:term":[{"taxonomy":"category","embeddable":true,"href":"https:\/\/archive.sana.sy\/es\/index.php?rest_route=%2Fwp%2Fv2%2Fcategories&post=285751"},{"taxonomy":"post_tag","embeddable":true,"href":"https:\/\/archive.sana.sy\/es\/index.php?rest_route=%2Fwp%2Fv2%2Ftags&post=285751"}],"curies":[{"name":"wp","href":"https:\/\/api.w.org\/{rel}","templated":true}]}}