{"id":285792,"date":"2023-02-06T15:20:40","date_gmt":"2023-02-06T13:20:40","guid":{"rendered":"https:\/\/sana.sy\/es\/?p=285792"},"modified":"2023-02-06T15:20:40","modified_gmt":"2023-02-06T13:20:40","slug":"china-manifiesta-disposicion-a-enviar-ayuda-humanitaria-urgente-a-siria","status":"publish","type":"post","link":"https:\/\/archive.sana.sy\/es\/?p=285792","title":{"rendered":"China manifiesta disposici\u00f3n a enviar ayuda humanitaria urgente a Siria"},"content":{"rendered":"<p style=\"text-align: justify;\"><span style=\"color: #800000;\"><strong>Pek\u00edn, 6 feb<\/strong> <\/span>(SANA) La Rep\u00fablica Popular China manifest\u00f3 disposici\u00f3n a enviar ayuda humanitaria urgente a Siria, para enfrentar los efectos del terremoto que la azot\u00f3 en la madrugada de hoy.<\/p>\n<p style=\"text-align: justify;\">La agencia de noticias china Xinhua cit\u00f3 a Xu Wei, portavoz de la Agencia de Cooperaci\u00f3n Internacional para el Desarrollo de China, diciendo que \u201c Pek\u00edn est\u00e1 lista para brindar ayuda humanitaria urgente a Siria\u201d.<\/p>\n<p style=\"text-align: justify;\">El funcionario chino expres\u00f3 las condolencias de su pa\u00eds a las familias de las v\u00edctimas y su preocupaci\u00f3n por la p\u00e9rdida de vidas y propiedades, y agreg\u00f3 que China est\u00e1 en contacto con Siria sobre el asunto.<\/p>\n<p style=\"text-align: justify;\">fm\/sm<\/p>\n","protected":false},"excerpt":{"rendered":"<p>Pek\u00edn, 6 feb (SANA) La Rep\u00fablica Popular China manifest\u00f3 disposici\u00f3n a enviar ayuda humanitaria urgente a Siria, para enfrentar los efectos del terremoto que la azot\u00f3 en la madrugada de hoy. La agencia de noticias china Xinhua cit\u00f3 a Xu Wei, portavoz de la Agencia de Cooperaci\u00f3n Internacional para el Desarrollo de China, diciendo que &hellip;<\/p>\n","protected":false},"author":36,"featured_media":285793,"comment_status":"closed","ping_status":"closed","sticky":false,"template":"","format":"standard","meta":{"footnotes":""},"categories":[597,20724,467,7541],"tags":[],"class_list":["post-285792","post","type-post","status-publish","format-standard","has-post-thumbnail","","category-cinta-de-noticias","category-minuto-a-minuto","category-siria-y-el-mundo","category-ultimas-noticias"],"_links":{"self":[{"href":"https:\/\/archive.sana.sy\/es\/index.php?rest_route=\/wp\/v2\/posts\/285792"}],"collection":[{"href":"https:\/\/archive.sana.sy\/es\/index.php?rest_route=\/wp\/v2\/posts"}],"about":[{"href":"https:\/\/archive.sana.sy\/es\/index.php?rest_route=\/wp\/v2\/types\/post"}],"author":[{"embeddable":true,"href":"https:\/\/archive.sana.sy\/es\/index.php?rest_route=\/wp\/v2\/users\/36"}],"replies":[{"embeddable":true,"href":"https:\/\/archive.sana.sy\/es\/index.php?rest_route=%2Fwp%2Fv2%2Fcomments&post=285792"}],"version-history":[{"count":0,"href":"https:\/\/archive.sana.sy\/es\/index.php?rest_route=\/wp\/v2\/posts\/285792\/revisions"}],"wp:featuredmedia":[{"embeddable":true,"href":"https:\/\/archive.sana.sy\/es\/index.php?rest_route=\/wp\/v2\/media\/285793"}],"wp:attachment":[{"href":"https:\/\/archive.sana.sy\/es\/index.php?rest_route=%2Fwp%2Fv2%2Fmedia&parent=285792"}],"wp:term":[{"taxonomy":"category","embeddable":true,"href":"https:\/\/archive.sana.sy\/es\/index.php?rest_route=%2Fwp%2Fv2%2Fcategories&post=285792"},{"taxonomy":"post_tag","embeddable":true,"href":"https:\/\/archive.sana.sy\/es\/index.php?rest_route=%2Fwp%2Fv2%2Ftags&post=285792"}],"curies":[{"name":"wp","href":"https:\/\/api.w.org\/{rel}","templated":true}]}}