{"id":285799,"date":"2023-02-06T15:34:46","date_gmt":"2023-02-06T13:34:46","guid":{"rendered":"https:\/\/sana.sy\/es\/?p=285799"},"modified":"2023-02-06T15:35:06","modified_gmt":"2023-02-06T13:35:06","slug":"libano-expresa-sus-condolencias-a-siria-por-victimas-del-terremoto","status":"publish","type":"post","link":"https:\/\/archive.sana.sy\/es\/?p=285799","title":{"rendered":"El L\u00edbano expresa sus condolencias a Siria por v\u00edctimas del terremoto"},"content":{"rendered":"<p style=\"text-align: justify;\"><span style=\"color: #800000;\"><strong>Beirut, 6 feb (SANA)<\/strong> <\/span>El Ministerio de Relaciones Exteriores y Expatriados del L\u00edbano expres\u00f3 su profunda simpat\u00eda y solidaridad con la hermana Rep\u00fablica \u00c1rabe Siria, ante la cat\u00e1strofe provocada por el enorme terremoto que sacudi\u00f3 Siria en la madrugada de hoy.<\/p>\n<p style=\"text-align: justify;\">Por medio de un comunicado, el Ente liban\u00e9s ofreci\u00f3 su m\u00e1s sentido p\u00e9same al gobierno y pueblo de Siria y a las familias de las v\u00edctimas, deseando una pronta recuperaci\u00f3n de los heridos.<\/p>\n<p style=\"text-align: justify;\">Asimismo, expres\u00f3 la disposici\u00f3n del L\u00edbano para extender una mano amiga a Siria para enfrentar las repercusiones de este terremoto.<\/p>\n<p><em>mm<\/em><\/p>\n","protected":false},"excerpt":{"rendered":"<p>Beirut, 6 feb (SANA) El Ministerio de Relaciones Exteriores y Expatriados del L\u00edbano expres\u00f3 su profunda simpat\u00eda y solidaridad con la hermana Rep\u00fablica \u00c1rabe Siria, ante la cat\u00e1strofe provocada por el enorme terremoto que sacudi\u00f3 Siria en la madrugada de hoy. Por medio de un comunicado, el Ente liban\u00e9s ofreci\u00f3 su m\u00e1s sentido p\u00e9same al &hellip;<\/p>\n","protected":false},"author":36,"featured_media":285800,"comment_status":"closed","ping_status":"closed","sticky":false,"template":"","format":"standard","meta":{"footnotes":""},"categories":[597,20724,467],"tags":[],"class_list":["post-285799","post","type-post","status-publish","format-standard","has-post-thumbnail","","category-cinta-de-noticias","category-minuto-a-minuto","category-siria-y-el-mundo"],"_links":{"self":[{"href":"https:\/\/archive.sana.sy\/es\/index.php?rest_route=\/wp\/v2\/posts\/285799"}],"collection":[{"href":"https:\/\/archive.sana.sy\/es\/index.php?rest_route=\/wp\/v2\/posts"}],"about":[{"href":"https:\/\/archive.sana.sy\/es\/index.php?rest_route=\/wp\/v2\/types\/post"}],"author":[{"embeddable":true,"href":"https:\/\/archive.sana.sy\/es\/index.php?rest_route=\/wp\/v2\/users\/36"}],"replies":[{"embeddable":true,"href":"https:\/\/archive.sana.sy\/es\/index.php?rest_route=%2Fwp%2Fv2%2Fcomments&post=285799"}],"version-history":[{"count":0,"href":"https:\/\/archive.sana.sy\/es\/index.php?rest_route=\/wp\/v2\/posts\/285799\/revisions"}],"wp:featuredmedia":[{"embeddable":true,"href":"https:\/\/archive.sana.sy\/es\/index.php?rest_route=\/wp\/v2\/media\/285800"}],"wp:attachment":[{"href":"https:\/\/archive.sana.sy\/es\/index.php?rest_route=%2Fwp%2Fv2%2Fmedia&parent=285799"}],"wp:term":[{"taxonomy":"category","embeddable":true,"href":"https:\/\/archive.sana.sy\/es\/index.php?rest_route=%2Fwp%2Fv2%2Fcategories&post=285799"},{"taxonomy":"post_tag","embeddable":true,"href":"https:\/\/archive.sana.sy\/es\/index.php?rest_route=%2Fwp%2Fv2%2Ftags&post=285799"}],"curies":[{"name":"wp","href":"https:\/\/api.w.org\/{rel}","templated":true}]}}