{"id":285804,"date":"2023-02-06T15:36:14","date_gmt":"2023-02-06T13:36:14","guid":{"rendered":"http:\/\/107.6.182.27\/es\/?p=285804"},"modified":"2023-02-06T15:36:14","modified_gmt":"2023-02-06T13:36:14","slug":"sigue-aumentando-la-cifra-de-victimas-en-siria-por-el-terremoto-segun-el-ministerio-de-salud-aumento-a-430-la-cifra-de-muertos-en-siria-por-el-terremoto-mientras-el-numero-de-heridos-ascendio-a-1315","status":"publish","type":"post","link":"https:\/\/archive.sana.sy\/es\/?p=285804","title":{"rendered":"Sigue aumentando la cifra de v\u00edctimas en Siria por el terremoto. Seg\u00fan el Ministerio de Salud, aument\u00f3 a 430 la cifra de muertos en Siria por el terremoto mientras el n\u00famero de heridos ascendi\u00f3 a 1315."},"content":{"rendered":"","protected":false},"excerpt":{"rendered":"","protected":false},"author":39,"featured_media":0,"comment_status":"closed","ping_status":"closed","sticky":false,"template":"","format":"standard","meta":{"footnotes":""},"categories":[20724,596],"tags":[],"class_list":["post-285804","post","type-post","status-publish","format-standard","","category-minuto-a-minuto","category-urgente"],"_links":{"self":[{"href":"https:\/\/archive.sana.sy\/es\/index.php?rest_route=\/wp\/v2\/posts\/285804"}],"collection":[{"href":"https:\/\/archive.sana.sy\/es\/index.php?rest_route=\/wp\/v2\/posts"}],"about":[{"href":"https:\/\/archive.sana.sy\/es\/index.php?rest_route=\/wp\/v2\/types\/post"}],"author":[{"embeddable":true,"href":"https:\/\/archive.sana.sy\/es\/index.php?rest_route=\/wp\/v2\/users\/39"}],"replies":[{"embeddable":true,"href":"https:\/\/archive.sana.sy\/es\/index.php?rest_route=%2Fwp%2Fv2%2Fcomments&post=285804"}],"version-history":[{"count":0,"href":"https:\/\/archive.sana.sy\/es\/index.php?rest_route=\/wp\/v2\/posts\/285804\/revisions"}],"wp:attachment":[{"href":"https:\/\/archive.sana.sy\/es\/index.php?rest_route=%2Fwp%2Fv2%2Fmedia&parent=285804"}],"wp:term":[{"taxonomy":"category","embeddable":true,"href":"https:\/\/archive.sana.sy\/es\/index.php?rest_route=%2Fwp%2Fv2%2Fcategories&post=285804"},{"taxonomy":"post_tag","embeddable":true,"href":"https:\/\/archive.sana.sy\/es\/index.php?rest_route=%2Fwp%2Fv2%2Ftags&post=285804"}],"curies":[{"name":"wp","href":"https:\/\/api.w.org\/{rel}","templated":true}]}}