{"id":285814,"date":"2023-02-06T16:44:13","date_gmt":"2023-02-06T14:44:13","guid":{"rendered":"https:\/\/sana.sy\/es\/?p=285814"},"modified":"2023-02-06T16:48:26","modified_gmt":"2023-02-06T14:48:26","slug":"cuba-expresa-su-profundo-pesar-tras-sismo-en-siria-y-ofrece-ayuda","status":"publish","type":"post","link":"https:\/\/archive.sana.sy\/es\/?p=285814","title":{"rendered":"Cuba expresa su profundo pesar tras sismo en Siria y ofrece ayuda"},"content":{"rendered":"<p style=\"text-align: justify;\"><span style=\"color: #800000;\"><strong>La Habana, 06 feb (SANA)<\/strong> <\/span>El presidente cubano, Miguel D\u00edaz-Canel, expres\u00f3 sus condolencias al pueblo y gobierno de Siria, por las v\u00edctimas del terremoto que azot\u00f3 el pa\u00eds este lunes.<\/p>\n<p style=\"text-align: justify;\">\u201cExpreso mis condolencias al pueblo y gobierno sirios, as\u00ed como nuestra solidaridad y disposici\u00f3n a cooperar para brindar asistencia a los afectados\u201d, escribi\u00f3 el presidente de Cuba en Twitter.<\/p>\n<p style=\"text-align: justify;\">En un mensaje compartido en Twitter, el canciller de la isla, Bruno Rodr\u00edguez, tambi\u00e9n manifest\u00f3 el m\u00e1s sentido p\u00e9same de su pa\u00eds al pueblo y gobierno de Siria, y confirm\u00f3 disposici\u00f3n de Cuba a cooperar para enfrentar las repercusiones del sismo, deseando una pronta recuperaci\u00f3n de los heridos.<\/p>\n<p style=\"text-align: justify;\">mm\/sm<\/p>\n","protected":false},"excerpt":{"rendered":"<p>La Habana, 06 feb (SANA) El presidente cubano, Miguel D\u00edaz-Canel, expres\u00f3 sus condolencias al pueblo y gobierno de Siria, por las v\u00edctimas del terremoto que azot\u00f3 el pa\u00eds este lunes. \u201cExpreso mis condolencias al pueblo y gobierno sirios, as\u00ed como nuestra solidaridad y disposici\u00f3n a cooperar para brindar asistencia a los afectados\u201d, escribi\u00f3 el presidente &hellip;<\/p>\n","protected":false},"author":36,"featured_media":285817,"comment_status":"closed","ping_status":"closed","sticky":false,"template":"","format":"standard","meta":{"footnotes":""},"categories":[597,20724,467,7541],"tags":[],"class_list":["post-285814","post","type-post","status-publish","format-standard","has-post-thumbnail","","category-cinta-de-noticias","category-minuto-a-minuto","category-siria-y-el-mundo","category-ultimas-noticias"],"_links":{"self":[{"href":"https:\/\/archive.sana.sy\/es\/index.php?rest_route=\/wp\/v2\/posts\/285814"}],"collection":[{"href":"https:\/\/archive.sana.sy\/es\/index.php?rest_route=\/wp\/v2\/posts"}],"about":[{"href":"https:\/\/archive.sana.sy\/es\/index.php?rest_route=\/wp\/v2\/types\/post"}],"author":[{"embeddable":true,"href":"https:\/\/archive.sana.sy\/es\/index.php?rest_route=\/wp\/v2\/users\/36"}],"replies":[{"embeddable":true,"href":"https:\/\/archive.sana.sy\/es\/index.php?rest_route=%2Fwp%2Fv2%2Fcomments&post=285814"}],"version-history":[{"count":0,"href":"https:\/\/archive.sana.sy\/es\/index.php?rest_route=\/wp\/v2\/posts\/285814\/revisions"}],"wp:featuredmedia":[{"embeddable":true,"href":"https:\/\/archive.sana.sy\/es\/index.php?rest_route=\/wp\/v2\/media\/285817"}],"wp:attachment":[{"href":"https:\/\/archive.sana.sy\/es\/index.php?rest_route=%2Fwp%2Fv2%2Fmedia&parent=285814"}],"wp:term":[{"taxonomy":"category","embeddable":true,"href":"https:\/\/archive.sana.sy\/es\/index.php?rest_route=%2Fwp%2Fv2%2Fcategories&post=285814"},{"taxonomy":"post_tag","embeddable":true,"href":"https:\/\/archive.sana.sy\/es\/index.php?rest_route=%2Fwp%2Fv2%2Ftags&post=285814"}],"curies":[{"name":"wp","href":"https:\/\/api.w.org\/{rel}","templated":true}]}}