{"id":285818,"date":"2023-02-06T17:07:10","date_gmt":"2023-02-06T15:07:10","guid":{"rendered":"https:\/\/sana.sy\/es\/?p=285818"},"modified":"2023-02-06T17:07:10","modified_gmt":"2023-02-06T15:07:10","slug":"el-papa-francisco-muestra-profunda-tristeza-por-victimas-de-terremoto-en-siria","status":"publish","type":"post","link":"https:\/\/archive.sana.sy\/es\/?p=285818","title":{"rendered":"El Papa Francisco muestra profunda tristeza por v\u00edctimas de terremoto en Siria"},"content":{"rendered":"<p style=\"text-align: justify;\"><span style=\"color: #800000;\"><strong>El Vaticano, 6 feb (SANA)<\/strong><\/span> El Papa Francisco expres\u00f3 su profundo pesar y condolencias por las p\u00e9rdidas de vidas humanas causadas por el terremoto que sacudi\u00f3 Siria, y mostr\u00f3 su cercan\u00eda espiritual a todos los afectados.<\/p>\n<p style=\"text-align: justify;\">La Agencia de Noticias del Vaticano cit\u00f3 al secretario de Estado de la Santa Sede, el cardenal Pietro Parolin, diciendo: \u201cEl Papa ofrece sus sinceras condolencias al pueblo sirio y manifiesta apoya a todos los afectados\u201d.<\/p>\n<p style=\"text-align: justify;\">\u201cEl Papa ratifica su solidaridad espiritual con el pueblo sirio\u201d, agreg\u00f3.<\/p>\n<p><em>mm<\/em><\/p>\n","protected":false},"excerpt":{"rendered":"<p>El Vaticano, 6 feb (SANA) El Papa Francisco expres\u00f3 su profundo pesar y condolencias por las p\u00e9rdidas de vidas humanas causadas por el terremoto que sacudi\u00f3 Siria, y mostr\u00f3 su cercan\u00eda espiritual a todos los afectados. La Agencia de Noticias del Vaticano cit\u00f3 al secretario de Estado de la Santa Sede, el cardenal Pietro Parolin, &hellip;<\/p>\n","protected":false},"author":36,"featured_media":285820,"comment_status":"closed","ping_status":"closed","sticky":false,"template":"","format":"standard","meta":{"footnotes":""},"categories":[597,20724,467,7541],"tags":[],"class_list":["post-285818","post","type-post","status-publish","format-standard","has-post-thumbnail","","category-cinta-de-noticias","category-minuto-a-minuto","category-siria-y-el-mundo","category-ultimas-noticias"],"_links":{"self":[{"href":"https:\/\/archive.sana.sy\/es\/index.php?rest_route=\/wp\/v2\/posts\/285818"}],"collection":[{"href":"https:\/\/archive.sana.sy\/es\/index.php?rest_route=\/wp\/v2\/posts"}],"about":[{"href":"https:\/\/archive.sana.sy\/es\/index.php?rest_route=\/wp\/v2\/types\/post"}],"author":[{"embeddable":true,"href":"https:\/\/archive.sana.sy\/es\/index.php?rest_route=\/wp\/v2\/users\/36"}],"replies":[{"embeddable":true,"href":"https:\/\/archive.sana.sy\/es\/index.php?rest_route=%2Fwp%2Fv2%2Fcomments&post=285818"}],"version-history":[{"count":0,"href":"https:\/\/archive.sana.sy\/es\/index.php?rest_route=\/wp\/v2\/posts\/285818\/revisions"}],"wp:featuredmedia":[{"embeddable":true,"href":"https:\/\/archive.sana.sy\/es\/index.php?rest_route=\/wp\/v2\/media\/285820"}],"wp:attachment":[{"href":"https:\/\/archive.sana.sy\/es\/index.php?rest_route=%2Fwp%2Fv2%2Fmedia&parent=285818"}],"wp:term":[{"taxonomy":"category","embeddable":true,"href":"https:\/\/archive.sana.sy\/es\/index.php?rest_route=%2Fwp%2Fv2%2Fcategories&post=285818"},{"taxonomy":"post_tag","embeddable":true,"href":"https:\/\/archive.sana.sy\/es\/index.php?rest_route=%2Fwp%2Fv2%2Ftags&post=285818"}],"curies":[{"name":"wp","href":"https:\/\/api.w.org\/{rel}","templated":true}]}}