{"id":285908,"date":"2023-02-07T10:55:28","date_gmt":"2023-02-07T08:55:28","guid":{"rendered":"https:\/\/sana.sy\/es\/?p=285908"},"modified":"2023-02-07T10:57:05","modified_gmt":"2023-02-07T08:57:05","slug":"presidente-al-assad-recibe-muestra-de-solidaridad-de-su-majestad-el-sultan-de-oman","status":"publish","type":"post","link":"https:\/\/archive.sana.sy\/es\/?p=285908","title":{"rendered":"Presidente Al-Assad recibe muestra de solidaridad de Su Majestad el Sult\u00e1n de Om\u00e1n."},"content":{"rendered":"<blockquote>\n<p style=\"text-align: justify;\"><strong>&#8220;El Sultanato de Om\u00e1n apoyar\u00e1 a Siria en todo lo que sea necesario para superar esta terrible experiencia y enviar\u00e1 ayuda urgente para apoyar los esfuerzos del gobierno sirio para superar los efectos de este desastre y aliviar el dolor de los afectados&#8221;.<\/strong><\/p>\n<\/blockquote>\n<p style=\"text-align: justify;\"><span style=\"color: #800000;\">Damasco, 7 feb (SANA)<\/span> El presidente Bashar al-Assad recibi\u00f3 este martes una llamada telef\u00f3nica de Su Majestad el Sult\u00e1n Haitham bin Tariq bin Taimur Al Said, el Sult\u00e1n de Om\u00e1n.<\/p>\n<p style=\"text-align: justify;\">Su Majestad expres\u00f3 su solidaridad y la del hermano pueblo oman\u00ed con el pueblo sirio frente al devastador terremoto, y dese\u00f3 pronta recuperaci\u00f3n de los heridos y ofreci\u00f3 sus condolencias a las familias de las v\u00edctimas.<\/p>\n<p>Afirm\u00f3 que el Sultanato de Om\u00e1n apoyar\u00e1 a Siria en todo lo que sea necesario para superar esta terrible experiencia y enviar\u00e1 ayuda urgente para apoyar los esfuerzos del gobierno sirio para superar los efectos de este desastre y aliviar el dolor de los afectados.<\/p>\n<p style=\"text-align: justify;\">fm\/ed<\/p>\n","protected":false},"excerpt":{"rendered":"<p>&#8220;El Sultanato de Om\u00e1n apoyar\u00e1 a Siria en todo lo que sea necesario para superar esta terrible experiencia y enviar\u00e1 ayuda urgente para apoyar los esfuerzos del gobierno sirio para superar los efectos de este desastre y aliviar el dolor de los afectados&#8221;. Damasco, 7 feb (SANA) El presidente Bashar al-Assad recibi\u00f3 este martes una &hellip;<\/p>\n","protected":false},"author":32,"featured_media":285911,"comment_status":"closed","ping_status":"closed","sticky":false,"template":"","format":"standard","meta":{"footnotes":""},"categories":[447,477,597,476,16237,583],"tags":[],"class_list":["post-285908","post","type-post","status-publish","format-standard","has-post-thumbnail","","category-local-politica","category-noticias-edulcorantes","category-cinta-de-noticias","category-locales","category-presidence-de-la-republique-arabe-syria","category-slide"],"_links":{"self":[{"href":"https:\/\/archive.sana.sy\/es\/index.php?rest_route=\/wp\/v2\/posts\/285908"}],"collection":[{"href":"https:\/\/archive.sana.sy\/es\/index.php?rest_route=\/wp\/v2\/posts"}],"about":[{"href":"https:\/\/archive.sana.sy\/es\/index.php?rest_route=\/wp\/v2\/types\/post"}],"author":[{"embeddable":true,"href":"https:\/\/archive.sana.sy\/es\/index.php?rest_route=\/wp\/v2\/users\/32"}],"replies":[{"embeddable":true,"href":"https:\/\/archive.sana.sy\/es\/index.php?rest_route=%2Fwp%2Fv2%2Fcomments&post=285908"}],"version-history":[{"count":0,"href":"https:\/\/archive.sana.sy\/es\/index.php?rest_route=\/wp\/v2\/posts\/285908\/revisions"}],"wp:featuredmedia":[{"embeddable":true,"href":"https:\/\/archive.sana.sy\/es\/index.php?rest_route=\/wp\/v2\/media\/285911"}],"wp:attachment":[{"href":"https:\/\/archive.sana.sy\/es\/index.php?rest_route=%2Fwp%2Fv2%2Fmedia&parent=285908"}],"wp:term":[{"taxonomy":"category","embeddable":true,"href":"https:\/\/archive.sana.sy\/es\/index.php?rest_route=%2Fwp%2Fv2%2Fcategories&post=285908"},{"taxonomy":"post_tag","embeddable":true,"href":"https:\/\/archive.sana.sy\/es\/index.php?rest_route=%2Fwp%2Fv2%2Ftags&post=285908"}],"curies":[{"name":"wp","href":"https:\/\/api.w.org\/{rel}","templated":true}]}}