{"id":285943,"date":"2023-02-07T13:46:27","date_gmt":"2023-02-07T11:46:27","guid":{"rendered":"https:\/\/sana.sy\/es\/?p=285943"},"modified":"2023-02-07T13:57:41","modified_gmt":"2023-02-07T11:57:41","slug":"serbia-y-pakistan-expresan-sus-condolencias-por-las-victimas-del-terremoto-en-siria","status":"publish","type":"post","link":"https:\/\/archive.sana.sy\/es\/?p=285943","title":{"rendered":"Serbia y Pakist\u00e1n expresan sus condolencias por las v\u00edctimas del terremoto en Siria"},"content":{"rendered":"<blockquote>\n<p style=\"text-align: justify;\"><strong>Brnabi\u0107 expres\u00f3 sus condolencias a las familias de las v\u00edctimas y dese\u00f3 una pronta recuperaci\u00f3n a los heridos, e indic\u00f3 que Serbia tiene la intenci\u00f3n de brindar la asistencia necesaria.<\/strong><\/p>\n<p style=\"text-align: justify;\"><strong>El Ministerio de Relaciones Exteriores de Pakist\u00e1n expres\u00f3 en un comunicado, su profundo pesar por las v\u00edctimas inocentes del terremoto y expres\u00f3 la disposici\u00f3n de Islamabad para brindar todo el apoyo posible en el campo de los esfuerzos humanitarios.<\/strong><\/p>\n<\/blockquote>\n<p style=\"text-align: justify;\"><span style=\"color: #800000;\"><strong>Belgrado \u2013 Islamabad, 7 feb (SANA)\u00a0<\/strong><\/span> \u00a0Serbia expres\u00f3 sus m\u00e1s sinceras condolencias a Siria y su pueblo por las v\u00edctimas del terremoto, que caus\u00f3 cientos de muertos y colosales da\u00f1os materiales.<\/p>\n<p style=\"text-align: justify;\">En una entrevista con la Televisi\u00f3n Oficial de Serbia, citada por el sitio web del gobierno serbio, la primera ministra serbia, Ana Brnabi\u0107, envi\u00f3 un mensaje de condolencias, en el que expres\u00f3 las m\u00e1s profundas condolencias a Siria y a su pueblo amigo por las v\u00edctimas del terremoto.<\/p>\n<p style=\"text-align: justify;\">Brnabi\u0107 expres\u00f3 sus condolencias a las familias de las v\u00edctimas y dese\u00f3 una pronta recuperaci\u00f3n a los heridos, e indic\u00f3 que Serbia tiene la intenci\u00f3n de brindar la asistencia necesaria.<\/p>\n<p style=\"text-align: justify;\">A su vez, el primer ministro paquistan\u00ed, Shehbaz Sharif, expres\u00f3 sus m\u00e1s sentidas condolencias y su c\u00e1lido y sincero p\u00e9same al gobierno y al pueblo de Siria que han sufrido grandes p\u00e9rdidas humanas y materiales como resultado del devastador terremoto.<\/p>\n<p style=\"text-align: justify;\">Mientras tanto, el Ministerio de Relaciones Exteriores de Pakist\u00e1n expres\u00f3 en un comunicado, su profundo pesar por las v\u00edctimas inocentes del terremoto y expres\u00f3 la disposici\u00f3n de Islamabad para brindar todo el apoyo posible en el campo de los esfuerzos humanitarios.<\/p>\n<p style=\"text-align: justify;\">ed\/fm<\/p>\n","protected":false},"excerpt":{"rendered":"<p>Brnabi\u0107 expres\u00f3 sus condolencias a las familias de las v\u00edctimas y dese\u00f3 una pronta recuperaci\u00f3n a los heridos, e indic\u00f3 que Serbia tiene la intenci\u00f3n de brindar la asistencia necesaria. El Ministerio de Relaciones Exteriores de Pakist\u00e1n expres\u00f3 en un comunicado, su profundo pesar por las v\u00edctimas inocentes del terremoto y expres\u00f3 la disposici\u00f3n de &hellip;<\/p>\n","protected":false},"author":32,"featured_media":285944,"comment_status":"closed","ping_status":"closed","sticky":false,"template":"","format":"standard","meta":{"footnotes":""},"categories":[597,467,7541],"tags":[21747],"class_list":["post-285943","post","type-post","status-publish","format-standard","has-post-thumbnail","","category-cinta-de-noticias","category-siria-y-el-mundo","category-ultimas-noticias","tag-belgrado-islamabad"],"_links":{"self":[{"href":"https:\/\/archive.sana.sy\/es\/index.php?rest_route=\/wp\/v2\/posts\/285943"}],"collection":[{"href":"https:\/\/archive.sana.sy\/es\/index.php?rest_route=\/wp\/v2\/posts"}],"about":[{"href":"https:\/\/archive.sana.sy\/es\/index.php?rest_route=\/wp\/v2\/types\/post"}],"author":[{"embeddable":true,"href":"https:\/\/archive.sana.sy\/es\/index.php?rest_route=\/wp\/v2\/users\/32"}],"replies":[{"embeddable":true,"href":"https:\/\/archive.sana.sy\/es\/index.php?rest_route=%2Fwp%2Fv2%2Fcomments&post=285943"}],"version-history":[{"count":0,"href":"https:\/\/archive.sana.sy\/es\/index.php?rest_route=\/wp\/v2\/posts\/285943\/revisions"}],"wp:featuredmedia":[{"embeddable":true,"href":"https:\/\/archive.sana.sy\/es\/index.php?rest_route=\/wp\/v2\/media\/285944"}],"wp:attachment":[{"href":"https:\/\/archive.sana.sy\/es\/index.php?rest_route=%2Fwp%2Fv2%2Fmedia&parent=285943"}],"wp:term":[{"taxonomy":"category","embeddable":true,"href":"https:\/\/archive.sana.sy\/es\/index.php?rest_route=%2Fwp%2Fv2%2Fcategories&post=285943"},{"taxonomy":"post_tag","embeddable":true,"href":"https:\/\/archive.sana.sy\/es\/index.php?rest_route=%2Fwp%2Fv2%2Ftags&post=285943"}],"curies":[{"name":"wp","href":"https:\/\/api.w.org\/{rel}","templated":true}]}}