{"id":285998,"date":"2023-02-07T15:56:01","date_gmt":"2023-02-07T13:56:01","guid":{"rendered":"https:\/\/sana.sy\/es\/?p=285998"},"modified":"2023-02-07T17:58:26","modified_gmt":"2023-02-07T15:58:26","slug":"50-millones-de-dolares-ofrecidos-por-eau-para-ayudar-a-los-afectados-por-el-terremoto-en-siria","status":"publish","type":"post","link":"https:\/\/archive.sana.sy\/es\/?p=285998","title":{"rendered":"50 millones de d\u00f3lares ofrecidos por EAU para ayudar a los afectados por el terremoto en Siria"},"content":{"rendered":"<p style=\"text-align: justify\"><span style=\"color: #800000\"><strong>Abu Dabi, 07 feb (SANA)<\/strong> <\/span>El presidente de Emiratos \u00c1rabes Unidos (EAU), el jeque Mohammed bin Zayed Al Nahyan, instruy\u00f3 aportar 50 millones de d\u00f3lares para ayudar a los afectados por el terremoto en Siria.<\/p>\n<p style=\"text-align: justify\">La Agencia de Noticias WAM difundi\u00f3 que la iniciativa del presidente Bin Zayed Al Nahyan, incluye la entrega de 50 millones de d\u00f3lares al hermano pueblo sirio afectado por el terremoto.<\/p>\n<p style=\"text-align: justify\">Emiratos \u00c1rabes Unidos anunci\u00f3 la v\u00edspera su intenci\u00f3n de establecer un hospital de campa\u00f1a y enviar un equipo de b\u00fasqueda y rescate y suministros de socorro a Siria para ayudarla a superar las repercusiones del terremoto.<\/p>\n<p style=\"text-align: justify\">\n<p style=\"text-align: justify\">fm\/la<\/p>\n","protected":false},"excerpt":{"rendered":"<p>Abu Dabi, 07 feb (SANA) El presidente de Emiratos \u00c1rabes Unidos (EAU), el jeque Mohammed bin Zayed Al Nahyan, instruy\u00f3 aportar 50 millones de d\u00f3lares para ayudar a los afectados por el terremoto en Siria. La Agencia de Noticias WAM difundi\u00f3 que la iniciativa del presidente Bin Zayed Al Nahyan, incluye la entrega de 50 &hellip;<\/p>\n","protected":false},"author":24,"featured_media":202088,"comment_status":"closed","ping_status":"closed","sticky":false,"template":"","format":"standard","meta":{"footnotes":""},"categories":[447,597,448,467,7541],"tags":[],"class_list":["post-285998","post","type-post","status-publish","format-standard","has-post-thumbnail","","category-local-politica","category-cinta-de-noticias","category-noticias","category-siria-y-el-mundo","category-ultimas-noticias"],"_links":{"self":[{"href":"https:\/\/archive.sana.sy\/es\/index.php?rest_route=\/wp\/v2\/posts\/285998"}],"collection":[{"href":"https:\/\/archive.sana.sy\/es\/index.php?rest_route=\/wp\/v2\/posts"}],"about":[{"href":"https:\/\/archive.sana.sy\/es\/index.php?rest_route=\/wp\/v2\/types\/post"}],"author":[{"embeddable":true,"href":"https:\/\/archive.sana.sy\/es\/index.php?rest_route=\/wp\/v2\/users\/24"}],"replies":[{"embeddable":true,"href":"https:\/\/archive.sana.sy\/es\/index.php?rest_route=%2Fwp%2Fv2%2Fcomments&post=285998"}],"version-history":[{"count":0,"href":"https:\/\/archive.sana.sy\/es\/index.php?rest_route=\/wp\/v2\/posts\/285998\/revisions"}],"wp:featuredmedia":[{"embeddable":true,"href":"https:\/\/archive.sana.sy\/es\/index.php?rest_route=\/wp\/v2\/media\/202088"}],"wp:attachment":[{"href":"https:\/\/archive.sana.sy\/es\/index.php?rest_route=%2Fwp%2Fv2%2Fmedia&parent=285998"}],"wp:term":[{"taxonomy":"category","embeddable":true,"href":"https:\/\/archive.sana.sy\/es\/index.php?rest_route=%2Fwp%2Fv2%2Fcategories&post=285998"},{"taxonomy":"post_tag","embeddable":true,"href":"https:\/\/archive.sana.sy\/es\/index.php?rest_route=%2Fwp%2Fv2%2Ftags&post=285998"}],"curies":[{"name":"wp","href":"https:\/\/api.w.org\/{rel}","templated":true}]}}