{"id":286029,"date":"2023-02-07T19:27:40","date_gmt":"2023-02-07T17:27:40","guid":{"rendered":"https:\/\/sana.sy\/es\/?p=286029"},"modified":"2023-02-07T19:27:40","modified_gmt":"2023-02-07T17:27:40","slug":"tunez-libia-sudan-y-el-sultanato-de-oman-expresan-condolencias-al-pueblo-sirio","status":"publish","type":"post","link":"https:\/\/archive.sana.sy\/es\/?p=286029","title":{"rendered":"T\u00fanez, Libia, Sud\u00e1n y el Sultanato de Om\u00e1n expresan condolencias al pueblo sirio"},"content":{"rendered":"<p style=\"text-align: justify;\"><span style=\"color: #800000;\"><strong>Damasco, 7 feb (SANA)<\/strong> <\/span>El ministro de Asuntos Exteriores y Expatriados, Faisal Al-Mekdad, recibi\u00f3 hoy una serie de llamadas telef\u00f3nicas y mensajes de ministros \u00e1rabes, y del enviado especial del secretario general de las Naciones Unidas para Siria, en los que expresaron sus condolencias y profunda solidaridad con el pueblo sirio, y las familias de las v\u00edctimas y los afectados por el terremoto que sacudi\u00f3 Siria en la madrugada del pasado lunes.<\/p>\n<p style=\"text-align: justify;\">En este sentido, el canciller sirio recibi\u00f3 una llamada telef\u00f3nica del ministro de Asuntos Exteriores, Migraci\u00f3n y Tunecinos en el Extranjero de T\u00fanez Othman Jerandi, quien transmiti\u00f3 las condolencias del presidente tunecino Kais Saied y del gobierno de T\u00fanez al liderazgo y al pueblo de la Rep\u00fablica \u00c1rabe Siria.<\/p>\n<p style=\"text-align: justify;\">Al-Mekdad tambi\u00e9n recibi\u00f3 una llamada telef\u00f3nica de Naglaa Al-Mangoush, ministra de Relaciones Exteriores y Cooperaci\u00f3n Internacional del Estado de Libia, quien transmiti\u00f3 las condolencias de los l\u00edderes libios al presidente Bashar Al-Assad y expres\u00f3 la solidaridad de Libia con Rep\u00fablica \u00c1rabe Siria.<\/p>\n<p style=\"text-align: justify;\">Asimismo, Ibrahim Ghandour, ministro de Relaciones Exteriores de Sud\u00e1n, realiz\u00f3 una llamada telef\u00f3nica al ministro al-Mekdad, en la que expres\u00f3 sus condolencias a las familias de las v\u00edctimas y sus deseos de una pronta recuperaci\u00f3n a los heridos del terremoto que sacudi\u00f3 a Siria, destacando que Sud\u00e1n apoya a Siria en esta tragedia dolorosa.<\/p>\n<p style=\"text-align: justify;\">Adem\u00e1s, el jefe de la diplomacia siria recibi\u00f3 una llamada telef\u00f3nica del teniente general Sultan bin Muhammad Al-Nu&#8217;mani, ministro de la Corte Real en el Sultanato de Om\u00e1n, donde el ministro oman\u00ed expres\u00f3 sus profundas condolencias al gobierno y al pueblo de Siria, y destac\u00f3 que el Sultanato de Om\u00e1n apoya a Siria y expres\u00f3 su disposici\u00f3n a brindar todo el apoyo necesario para aliviar las repercusiones de este desastre natural.<\/p>\n<p style=\"text-align: justify;\">Anteriormente, el ministro al-Mekdad recibi\u00f3 una llamada telef\u00f3nica de Gesr Pedersen, enviado especial del secretario general de las Naciones Unidas para Siria, durante la cual Pedersen expres\u00f3 su profunda simpat\u00eda y solidaridad con Siria en esta dolorosa situaci\u00f3n.<\/p>\n<p><em>mm<\/em><\/p>\n","protected":false},"excerpt":{"rendered":"<p>Damasco, 7 feb (SANA) El ministro de Asuntos Exteriores y Expatriados, Faisal Al-Mekdad, recibi\u00f3 hoy una serie de llamadas telef\u00f3nicas y mensajes de ministros \u00e1rabes, y del enviado especial del secretario general de las Naciones Unidas para Siria, en los que expresaron sus condolencias y profunda solidaridad con el pueblo sirio, y las familias de &hellip;<\/p>\n","protected":false},"author":36,"featured_media":286030,"comment_status":"closed","ping_status":"closed","sticky":false,"template":"","format":"standard","meta":{"footnotes":""},"categories":[597,20724,467,7541],"tags":[],"class_list":["post-286029","post","type-post","status-publish","format-standard","has-post-thumbnail","","category-cinta-de-noticias","category-minuto-a-minuto","category-siria-y-el-mundo","category-ultimas-noticias"],"_links":{"self":[{"href":"https:\/\/archive.sana.sy\/es\/index.php?rest_route=\/wp\/v2\/posts\/286029"}],"collection":[{"href":"https:\/\/archive.sana.sy\/es\/index.php?rest_route=\/wp\/v2\/posts"}],"about":[{"href":"https:\/\/archive.sana.sy\/es\/index.php?rest_route=\/wp\/v2\/types\/post"}],"author":[{"embeddable":true,"href":"https:\/\/archive.sana.sy\/es\/index.php?rest_route=\/wp\/v2\/users\/36"}],"replies":[{"embeddable":true,"href":"https:\/\/archive.sana.sy\/es\/index.php?rest_route=%2Fwp%2Fv2%2Fcomments&post=286029"}],"version-history":[{"count":0,"href":"https:\/\/archive.sana.sy\/es\/index.php?rest_route=\/wp\/v2\/posts\/286029\/revisions"}],"wp:featuredmedia":[{"embeddable":true,"href":"https:\/\/archive.sana.sy\/es\/index.php?rest_route=\/wp\/v2\/media\/286030"}],"wp:attachment":[{"href":"https:\/\/archive.sana.sy\/es\/index.php?rest_route=%2Fwp%2Fv2%2Fmedia&parent=286029"}],"wp:term":[{"taxonomy":"category","embeddable":true,"href":"https:\/\/archive.sana.sy\/es\/index.php?rest_route=%2Fwp%2Fv2%2Fcategories&post=286029"},{"taxonomy":"post_tag","embeddable":true,"href":"https:\/\/archive.sana.sy\/es\/index.php?rest_route=%2Fwp%2Fv2%2Ftags&post=286029"}],"curies":[{"name":"wp","href":"https:\/\/api.w.org\/{rel}","templated":true}]}}