{"id":286032,"date":"2023-02-07T19:37:00","date_gmt":"2023-02-07T17:37:00","guid":{"rendered":"https:\/\/sana.sy\/es\/?p=286032"},"modified":"2023-02-07T19:37:00","modified_gmt":"2023-02-07T17:37:00","slug":"armenia-brindara-todo-el-apoyo-necesario-a-siria-expresa-primer-ministro-pashinian-al-presidente-al-assad","status":"publish","type":"post","link":"https:\/\/archive.sana.sy\/es\/?p=286032","title":{"rendered":"Armenia brindar\u00e1 todo el apoyo necesario a Siria, expresa primer ministro Pashini\u00e1n al presidente al-Assad"},"content":{"rendered":"<p style=\"text-align: justify\"><span style=\"color: #800000\"><strong>Damasco, 07 feb (SANA)<\/strong><\/span> El primer ministro de la Rep\u00fablica de Armenia, Nikol Pashini\u00e1n expres\u00f3, a trav\u00e9s de una llamada telef\u00f3nica que sostuve esta noche con el presidente Bashar al-Assad, su hondo pesar por la terrible devastaci\u00f3n y p\u00e9rdida de vidas en Siria por el terremoto que la sacudi\u00f3 el lunes pasado.<\/p>\n<p style=\"text-align: justify\">A su vez, el presidente al-Assad agradeci\u00f3 a Pashini\u00e1n por esta postura que refleja los profundos lazos de amistad que unen a los pueblos sirio y armenio.<\/p>\n<p style=\"text-align: justify\">\nla<\/p>\n<p style=\"text-align: justify\">\n","protected":false},"excerpt":{"rendered":"<p>Damasco, 07 feb (SANA) El primer ministro de la Rep\u00fablica de Armenia, Nikol Pashini\u00e1n expres\u00f3, a trav\u00e9s de una llamada telef\u00f3nica que sostuve esta noche con el presidente Bashar al-Assad, su hondo pesar por la terrible devastaci\u00f3n y p\u00e9rdida de vidas en Siria por el terremoto que la sacudi\u00f3 el lunes pasado. A su vez, &hellip;<\/p>\n","protected":false},"author":24,"featured_media":286033,"comment_status":"closed","ping_status":"closed","sticky":false,"template":"","format":"standard","meta":{"footnotes":""},"categories":[597,16237,583,626],"tags":[],"class_list":["post-286032","post","type-post","status-publish","format-standard","has-post-thumbnail","","category-cinta-de-noticias","category-presidence-de-la-republique-arabe-syria","category-slide","category-sr-presidente"],"_links":{"self":[{"href":"https:\/\/archive.sana.sy\/es\/index.php?rest_route=\/wp\/v2\/posts\/286032"}],"collection":[{"href":"https:\/\/archive.sana.sy\/es\/index.php?rest_route=\/wp\/v2\/posts"}],"about":[{"href":"https:\/\/archive.sana.sy\/es\/index.php?rest_route=\/wp\/v2\/types\/post"}],"author":[{"embeddable":true,"href":"https:\/\/archive.sana.sy\/es\/index.php?rest_route=\/wp\/v2\/users\/24"}],"replies":[{"embeddable":true,"href":"https:\/\/archive.sana.sy\/es\/index.php?rest_route=%2Fwp%2Fv2%2Fcomments&post=286032"}],"version-history":[{"count":0,"href":"https:\/\/archive.sana.sy\/es\/index.php?rest_route=\/wp\/v2\/posts\/286032\/revisions"}],"wp:featuredmedia":[{"embeddable":true,"href":"https:\/\/archive.sana.sy\/es\/index.php?rest_route=\/wp\/v2\/media\/286033"}],"wp:attachment":[{"href":"https:\/\/archive.sana.sy\/es\/index.php?rest_route=%2Fwp%2Fv2%2Fmedia&parent=286032"}],"wp:term":[{"taxonomy":"category","embeddable":true,"href":"https:\/\/archive.sana.sy\/es\/index.php?rest_route=%2Fwp%2Fv2%2Fcategories&post=286032"},{"taxonomy":"post_tag","embeddable":true,"href":"https:\/\/archive.sana.sy\/es\/index.php?rest_route=%2Fwp%2Fv2%2Ftags&post=286032"}],"curies":[{"name":"wp","href":"https:\/\/api.w.org\/{rel}","templated":true}]}}