{"id":286038,"date":"2023-02-07T20:00:17","date_gmt":"2023-02-07T18:00:17","guid":{"rendered":"https:\/\/sana.sy\/es\/?p=286038"},"modified":"2023-02-07T20:00:49","modified_gmt":"2023-02-07T18:00:49","slug":"ministro-sirio-de-defensa-recibe-llamadaspara-ofrecer-condolencias-de-altos-militares-de-rusia-iran-y-el-libano","status":"publish","type":"post","link":"https:\/\/archive.sana.sy\/es\/?p=286038","title":{"rendered":"Ministro sirio de Defensa recibe llamadas para ofrecer condolencias de altos militares de Rusia, Ir\u00e1n y el L\u00edbano"},"content":{"rendered":"<p style=\"text-align: justify;\"><span style=\"color: #800000;\"><strong>Damasco, 7 feb (SANA)<\/strong><\/span> El ministro de Defensa sirio, el teniente general, Ali Mahmoud Abbas, recibi\u00f3 una llamada telef\u00f3nica del mayor general Mohammad Bagheri, jefe del Estado Mayor iran\u00ed, en la que expres\u00f3 sus m\u00e1s sentidas condolencias por las v\u00edctimas del devastador terremoto que golpe\u00f3 a Siria, destacando la disposici\u00f3n y voluntad de su pa\u00eds para proporcionar la ayuda y la asistencia necesarias al pueblo sirio.<\/p>\n<p style=\"text-align: justify;\">El comandante de las fuerzas rusas que operan en Siria transmiti\u00f3 las condolencias del general Sergei Shoigu, ministro de Defensa ruso, a su hom\u00f3logo sirio, subrayando que Rusia apoya al pueblo sirio en su terrible experiencia y brinda toda la ayuda y asistencia necesarias a los afectados.<\/p>\n<p style=\"text-align: justify;\">El ministro de Defensa tambi\u00e9n recibi\u00f3 una llamada telef\u00f3nica del teniente general, Joseph Aoun, comandante del Ej\u00e9rcito Liban\u00e9s, quien ofreci\u00f3 sus condolencias en nombre del hermano pueblo liban\u00e9s a Siria, y afirm\u00f3 el apoyo del L\u00edbano a Siria para enfrentar esta cat\u00e1strofe humanitaria.<\/p>\n<p><em>mm<\/em><\/p>\n","protected":false},"excerpt":{"rendered":"<p>Damasco, 7 feb (SANA) El ministro de Defensa sirio, el teniente general, Ali Mahmoud Abbas, recibi\u00f3 una llamada telef\u00f3nica del mayor general Mohammad Bagheri, jefe del Estado Mayor iran\u00ed, en la que expres\u00f3 sus m\u00e1s sentidas condolencias por las v\u00edctimas del devastador terremoto que golpe\u00f3 a Siria, destacando la disposici\u00f3n y voluntad de su pa\u00eds &hellip;<\/p>\n","protected":false},"author":36,"featured_media":286016,"comment_status":"closed","ping_status":"closed","sticky":false,"template":"","format":"standard","meta":{"footnotes":""},"categories":[597,20724,7541],"tags":[],"class_list":["post-286038","post","type-post","status-publish","format-standard","has-post-thumbnail","","category-cinta-de-noticias","category-minuto-a-minuto","category-ultimas-noticias"],"_links":{"self":[{"href":"https:\/\/archive.sana.sy\/es\/index.php?rest_route=\/wp\/v2\/posts\/286038"}],"collection":[{"href":"https:\/\/archive.sana.sy\/es\/index.php?rest_route=\/wp\/v2\/posts"}],"about":[{"href":"https:\/\/archive.sana.sy\/es\/index.php?rest_route=\/wp\/v2\/types\/post"}],"author":[{"embeddable":true,"href":"https:\/\/archive.sana.sy\/es\/index.php?rest_route=\/wp\/v2\/users\/36"}],"replies":[{"embeddable":true,"href":"https:\/\/archive.sana.sy\/es\/index.php?rest_route=%2Fwp%2Fv2%2Fcomments&post=286038"}],"version-history":[{"count":0,"href":"https:\/\/archive.sana.sy\/es\/index.php?rest_route=\/wp\/v2\/posts\/286038\/revisions"}],"wp:featuredmedia":[{"embeddable":true,"href":"https:\/\/archive.sana.sy\/es\/index.php?rest_route=\/wp\/v2\/media\/286016"}],"wp:attachment":[{"href":"https:\/\/archive.sana.sy\/es\/index.php?rest_route=%2Fwp%2Fv2%2Fmedia&parent=286038"}],"wp:term":[{"taxonomy":"category","embeddable":true,"href":"https:\/\/archive.sana.sy\/es\/index.php?rest_route=%2Fwp%2Fv2%2Fcategories&post=286038"},{"taxonomy":"post_tag","embeddable":true,"href":"https:\/\/archive.sana.sy\/es\/index.php?rest_route=%2Fwp%2Fv2%2Ftags&post=286038"}],"curies":[{"name":"wp","href":"https:\/\/api.w.org\/{rel}","templated":true}]}}