{"id":286041,"date":"2023-02-07T20:11:38","date_gmt":"2023-02-07T18:11:38","guid":{"rendered":"https:\/\/sana.sy\/es\/?p=286041"},"modified":"2023-02-07T20:11:38","modified_gmt":"2023-02-07T18:11:38","slug":"partido-de-trabajadores-de-hungria-exige-levantamiento-del-injusto-bloqueo-impuesto-al-pueblo-sirio","status":"publish","type":"post","link":"https:\/\/archive.sana.sy\/es\/?p=286041","title":{"rendered":"Partido de Trabajadores de Hungr\u00eda exige levantamiento del injusto bloqueo impuesto al pueblo sirio"},"content":{"rendered":"<p style=\"text-align: justify\"><span style=\"color: #800000\"><strong>Budapest, 07 feb (SANA)<\/strong><\/span> El Partido de Trabajadores de Hungr\u00eda extendi\u00f3 su m\u00e1s sentido p\u00e9same a Siria, pueblo y liderazgo, por las v\u00edctimas que dej\u00f3 el terrible terremoto que se produjo ayer.<\/p>\n<p style=\"text-align: justify\">En un telegrama de condolencias, el l\u00edder del Partido h\u00fangaro de los Trabajadores, y el secretario del mismo, exigieron el levantamiento inmediato de las medidas econ\u00f3micas coercitivas impuestas a Siria, con el fin de evitar m\u00e1s p\u00e9rdidas.<\/p>\n<p style=\"text-align: justify\">\u00a0Expresaron la disposici\u00f3n del partido para brindar asistencia a los sirios por todos los medios posibles.<\/p>\n<p style=\"text-align: justify\">&#8220;Creemos que, bajo el liderazgo del presidente Bashar al-Assad, el pueblo sirio superar\u00e1 el desastre y reconstruir\u00e1 sus hogares lo m\u00e1s pronto posible&#8221; , concluyeron.<\/p>\n<p style=\"text-align: justify\">\n<p style=\"text-align: justify\">la<\/p>\n","protected":false},"excerpt":{"rendered":"<p>Budapest, 07 feb (SANA) El Partido de Trabajadores de Hungr\u00eda extendi\u00f3 su m\u00e1s sentido p\u00e9same a Siria, pueblo y liderazgo, por las v\u00edctimas que dej\u00f3 el terrible terremoto que se produjo ayer. En un telegrama de condolencias, el l\u00edder del Partido h\u00fangaro de los Trabajadores, y el secretario del mismo, exigieron el levantamiento inmediato de &hellip;<\/p>\n","protected":false},"author":24,"featured_media":286042,"comment_status":"closed","ping_status":"closed","sticky":false,"template":"","format":"standard","meta":{"footnotes":""},"categories":[447,597,20724,448,467,7541],"tags":[],"class_list":["post-286041","post","type-post","status-publish","format-standard","has-post-thumbnail","","category-local-politica","category-cinta-de-noticias","category-minuto-a-minuto","category-noticias","category-siria-y-el-mundo","category-ultimas-noticias"],"_links":{"self":[{"href":"https:\/\/archive.sana.sy\/es\/index.php?rest_route=\/wp\/v2\/posts\/286041"}],"collection":[{"href":"https:\/\/archive.sana.sy\/es\/index.php?rest_route=\/wp\/v2\/posts"}],"about":[{"href":"https:\/\/archive.sana.sy\/es\/index.php?rest_route=\/wp\/v2\/types\/post"}],"author":[{"embeddable":true,"href":"https:\/\/archive.sana.sy\/es\/index.php?rest_route=\/wp\/v2\/users\/24"}],"replies":[{"embeddable":true,"href":"https:\/\/archive.sana.sy\/es\/index.php?rest_route=%2Fwp%2Fv2%2Fcomments&post=286041"}],"version-history":[{"count":0,"href":"https:\/\/archive.sana.sy\/es\/index.php?rest_route=\/wp\/v2\/posts\/286041\/revisions"}],"wp:featuredmedia":[{"embeddable":true,"href":"https:\/\/archive.sana.sy\/es\/index.php?rest_route=\/wp\/v2\/media\/286042"}],"wp:attachment":[{"href":"https:\/\/archive.sana.sy\/es\/index.php?rest_route=%2Fwp%2Fv2%2Fmedia&parent=286041"}],"wp:term":[{"taxonomy":"category","embeddable":true,"href":"https:\/\/archive.sana.sy\/es\/index.php?rest_route=%2Fwp%2Fv2%2Fcategories&post=286041"},{"taxonomy":"post_tag","embeddable":true,"href":"https:\/\/archive.sana.sy\/es\/index.php?rest_route=%2Fwp%2Fv2%2Ftags&post=286041"}],"curies":[{"name":"wp","href":"https:\/\/api.w.org\/{rel}","templated":true}]}}