{"id":286055,"date":"2023-02-08T04:50:14","date_gmt":"2023-02-08T02:50:14","guid":{"rendered":"https:\/\/sana.sy\/es\/?p=286055"},"modified":"2023-02-08T04:50:14","modified_gmt":"2023-02-08T02:50:14","slug":"un-avion-irani-y-otro-libio-llegan-al-aeropuerto-internacional-de-alepo-cargado-con-ayuda-humanitaria","status":"publish","type":"post","link":"https:\/\/archive.sana.sy\/es\/?p=286055","title":{"rendered":"Un avi\u00f3n iran\u00ed y otro libio llegan al Aeropuerto Internacional de Alepo cargado con ayuda humanitaria"},"content":{"rendered":"<p style=\"text-align: justify;\"><span style=\"color: #800000;\"><strong>Alepo, 8 feb (SANA)\u00a0<\/strong> <\/span>Un avi\u00f3n libio aterriz\u00f3 en el aeropuerto internacional de Alepo, cargado con ayuda m\u00e9dica, alimentaria y humanitaria para asistir a los afectados por el terremoto.<\/p>\n<p style=\"text-align: justify;\"><img loading=\"lazy\" decoding=\"async\" class=\"size-medium wp-image-286057 alignleft\" src=\"http:\/\/sana.sy\/es\/wp-content\/uploads\/2023\/02\/photo_2023-02-07_22-47-56-660x330-1-300x150.jpg\" alt=\"\" width=\"300\" height=\"150\" srcset=\"https:\/\/archive.sana.sy\/es\/wp-content\/uploads\/2023\/02\/photo_2023-02-07_22-47-56-660x330-1-300x150.jpg 300w, https:\/\/archive.sana.sy\/es\/wp-content\/uploads\/2023\/02\/photo_2023-02-07_22-47-56-660x330-1-150x75.jpg 150w, https:\/\/archive.sana.sy\/es\/wp-content\/uploads\/2023\/02\/photo_2023-02-07_22-47-56-660x330-1.jpg 660w\" sizes=\"(max-width: 300px) 100vw, 300px\" \/>El miembro de la oficina ejecutiva del Consejo de Gobernaci\u00f3n de Alepo, Abdul Qadir Dawalibi, declar\u00f3 el avi\u00f3n libio transportaba 40 toneladas de ayuda humanitaria de alimentos, suministros m\u00e9dicos, mantas y una ambulancia, para apoyar los centros de refugio en la gobernaci\u00f3n de Alepo.<\/p>\n<p style=\"text-align: justify;\">Asimismo, un avi\u00f3n de ayuda humanitaria iran\u00ed lleg\u00f3 al aeropuerto internacional de Alepo, cargado con ayuda m\u00e9dica, alimentaria y humanitaria, para ayudar a los afectados por el terremoto.<\/p>\n<p style=\"text-align: justify;\">El c\u00f3nsul iran\u00ed en Alepo, Nawaf Nuri, declar\u00f3 a SANA que el avi\u00f3n transportaba 31 toneladas de ayuda humanitaria, incluidos alimentos, equipos m\u00e9dicos, medicamentos y mantas, y reiter\u00f3 el apoyo de Ir\u00e1n al pueblo sirio en su crisis humanitaria.<\/p>\n<p style=\"text-align: justify;\">Hab\u00edan llegado antes aviones que transportaban ayuda humanitaria desde Argelia, Libia e Ir\u00e1n al Aeropuerto Internacional de Alepo.<\/p>\n<p style=\"text-align: justify;\">fm<\/p>\n","protected":false},"excerpt":{"rendered":"<p>Alepo, 8 feb (SANA)\u00a0 Un avi\u00f3n libio aterriz\u00f3 en el aeropuerto internacional de Alepo, cargado con ayuda m\u00e9dica, alimentaria y humanitaria para asistir a los afectados por el terremoto. El miembro de la oficina ejecutiva del Consejo de Gobernaci\u00f3n de Alepo, Abdul Qadir Dawalibi, declar\u00f3 el avi\u00f3n libio transportaba 40 toneladas de ayuda humanitaria de &hellip;<\/p>\n","protected":false},"author":34,"featured_media":286056,"comment_status":"closed","ping_status":"closed","sticky":false,"template":"","format":"standard","meta":{"footnotes":""},"categories":[477,447,597,20724,476,457,467,7541],"tags":[],"class_list":["post-286055","post","type-post","status-publish","format-standard","has-post-thumbnail","","category-noticias-edulcorantes","category-local-politica","category-cinta-de-noticias","category-minuto-a-minuto","category-locales","category-noticias-arabe-internacional-politica","category-siria-y-el-mundo","category-ultimas-noticias"],"_links":{"self":[{"href":"https:\/\/archive.sana.sy\/es\/index.php?rest_route=\/wp\/v2\/posts\/286055"}],"collection":[{"href":"https:\/\/archive.sana.sy\/es\/index.php?rest_route=\/wp\/v2\/posts"}],"about":[{"href":"https:\/\/archive.sana.sy\/es\/index.php?rest_route=\/wp\/v2\/types\/post"}],"author":[{"embeddable":true,"href":"https:\/\/archive.sana.sy\/es\/index.php?rest_route=\/wp\/v2\/users\/34"}],"replies":[{"embeddable":true,"href":"https:\/\/archive.sana.sy\/es\/index.php?rest_route=%2Fwp%2Fv2%2Fcomments&post=286055"}],"version-history":[{"count":0,"href":"https:\/\/archive.sana.sy\/es\/index.php?rest_route=\/wp\/v2\/posts\/286055\/revisions"}],"wp:featuredmedia":[{"embeddable":true,"href":"https:\/\/archive.sana.sy\/es\/index.php?rest_route=\/wp\/v2\/media\/286056"}],"wp:attachment":[{"href":"https:\/\/archive.sana.sy\/es\/index.php?rest_route=%2Fwp%2Fv2%2Fmedia&parent=286055"}],"wp:term":[{"taxonomy":"category","embeddable":true,"href":"https:\/\/archive.sana.sy\/es\/index.php?rest_route=%2Fwp%2Fv2%2Fcategories&post=286055"},{"taxonomy":"post_tag","embeddable":true,"href":"https:\/\/archive.sana.sy\/es\/index.php?rest_route=%2Fwp%2Fv2%2Ftags&post=286055"}],"curies":[{"name":"wp","href":"https:\/\/api.w.org\/{rel}","templated":true}]}}