{"id":286101,"date":"2023-02-08T09:44:55","date_gmt":"2023-02-08T07:44:55","guid":{"rendered":"http:\/\/107.6.182.27\/es\/?p=286101"},"modified":"2023-02-08T09:44:55","modified_gmt":"2023-02-08T07:44:55","slug":"ultima-hora-el-secretario-general-de-la-gobernacion-de-latakia-rifaat-muhammad-declara-a-sana-que-la-cifra-de-victimas-del-terremoto-en-la-provincia-ha-aumentado-a-506-muertos-y-792-heridos-en-un","status":"publish","type":"post","link":"https:\/\/archive.sana.sy\/es\/?p=286101","title":{"rendered":"\u00daLTIMA HORA | El secretario general de la gobernaci\u00f3n de Latakia, Rifaat Muhammad, declara a SANA que la cifra de v\u00edctimas del terremoto en la provincia ha aumentado a 506 muertos y 792 heridos, en una cifra preliminar, mientras que el n\u00famero de edificios derrumbados ha llegado a 102"},"content":{"rendered":"","protected":false},"excerpt":{"rendered":"","protected":false},"author":42,"featured_media":0,"comment_status":"closed","ping_status":"closed","sticky":false,"template":"","format":"standard","meta":{"footnotes":""},"categories":[20724,596],"tags":[],"class_list":["post-286101","post","type-post","status-publish","format-standard","","category-minuto-a-minuto","category-urgente"],"_links":{"self":[{"href":"https:\/\/archive.sana.sy\/es\/index.php?rest_route=\/wp\/v2\/posts\/286101"}],"collection":[{"href":"https:\/\/archive.sana.sy\/es\/index.php?rest_route=\/wp\/v2\/posts"}],"about":[{"href":"https:\/\/archive.sana.sy\/es\/index.php?rest_route=\/wp\/v2\/types\/post"}],"author":[{"embeddable":true,"href":"https:\/\/archive.sana.sy\/es\/index.php?rest_route=\/wp\/v2\/users\/42"}],"replies":[{"embeddable":true,"href":"https:\/\/archive.sana.sy\/es\/index.php?rest_route=%2Fwp%2Fv2%2Fcomments&post=286101"}],"version-history":[{"count":0,"href":"https:\/\/archive.sana.sy\/es\/index.php?rest_route=\/wp\/v2\/posts\/286101\/revisions"}],"wp:attachment":[{"href":"https:\/\/archive.sana.sy\/es\/index.php?rest_route=%2Fwp%2Fv2%2Fmedia&parent=286101"}],"wp:term":[{"taxonomy":"category","embeddable":true,"href":"https:\/\/archive.sana.sy\/es\/index.php?rest_route=%2Fwp%2Fv2%2Fcategories&post=286101"},{"taxonomy":"post_tag","embeddable":true,"href":"https:\/\/archive.sana.sy\/es\/index.php?rest_route=%2Fwp%2Fv2%2Ftags&post=286101"}],"curies":[{"name":"wp","href":"https:\/\/api.w.org\/{rel}","templated":true}]}}