{"id":286126,"date":"2023-02-08T14:29:09","date_gmt":"2023-02-08T11:29:09","guid":{"rendered":"http:\/\/107.6.182.27\/es\/?p=286126"},"modified":"2023-02-08T14:31:14","modified_gmt":"2023-02-08T11:31:14","slug":"cifra-de-victimas-mortales-por-el-terremoto-en-turquia-se-elevo-a-5-894","status":"publish","type":"post","link":"https:\/\/archive.sana.sy\/es\/?p=286126","title":{"rendered":"Cifra de v\u00edctimas mortales por el terremoto en Turqu\u00eda se elev\u00f3 a 5.894"},"content":{"rendered":"<p style=\"text-align: justify;\"><span style=\"color: #800000;\"><strong>Ankara, 8 feb (SANA) <\/strong><\/span>El n\u00famero de v\u00edctimas mortales por el terremoto que asol\u00f3 el sur de Turqu\u00eda ascendi\u00f3 a 5.894.<\/p>\n<p style=\"text-align: justify;\">Seg\u00fan inform\u00f3 la Agencia Anadolu, citando al vicepresidente turco, Fuad Oktay, \u201chasta ahora, el n\u00famero de heridos lleg\u00f3 a 34.810 personas, adem\u00e1s de la destrucci\u00f3n de 5.775 edificios\u201d.<\/p>\n<p style=\"text-align: justify;\">Un balance anterior indicaba que 5.434 personas murieron y otras 31.777 resultaron heridas a consecuencia del terremoto.<\/p>\n<p style=\"text-align: justify;\">as\/fm<\/p>\n","protected":false},"excerpt":{"rendered":"<p>Ankara, 8 feb (SANA) El n\u00famero de v\u00edctimas mortales por el terremoto que asol\u00f3 el sur de Turqu\u00eda ascendi\u00f3 a 5.894. Seg\u00fan inform\u00f3 la Agencia Anadolu, citando al vicepresidente turco, Fuad Oktay, \u201chasta ahora, el n\u00famero de heridos lleg\u00f3 a 34.810 personas, adem\u00e1s de la destrucci\u00f3n de 5.775 edificios\u201d. Un balance anterior indicaba que 5.434 &hellip;<\/p>\n","protected":false},"author":42,"featured_media":286127,"comment_status":"closed","ping_status":"closed","sticky":false,"template":"","format":"standard","meta":{"footnotes":""},"categories":[597,456,16687,20724,7541],"tags":[],"class_list":["post-286126","post","type-post","status-publish","format-standard","has-post-thumbnail","","category-cinta-de-noticias","category-arabe-internacional-politica","category-internacionales","category-minuto-a-minuto","category-ultimas-noticias"],"_links":{"self":[{"href":"https:\/\/archive.sana.sy\/es\/index.php?rest_route=\/wp\/v2\/posts\/286126"}],"collection":[{"href":"https:\/\/archive.sana.sy\/es\/index.php?rest_route=\/wp\/v2\/posts"}],"about":[{"href":"https:\/\/archive.sana.sy\/es\/index.php?rest_route=\/wp\/v2\/types\/post"}],"author":[{"embeddable":true,"href":"https:\/\/archive.sana.sy\/es\/index.php?rest_route=\/wp\/v2\/users\/42"}],"replies":[{"embeddable":true,"href":"https:\/\/archive.sana.sy\/es\/index.php?rest_route=%2Fwp%2Fv2%2Fcomments&post=286126"}],"version-history":[{"count":0,"href":"https:\/\/archive.sana.sy\/es\/index.php?rest_route=\/wp\/v2\/posts\/286126\/revisions"}],"wp:featuredmedia":[{"embeddable":true,"href":"https:\/\/archive.sana.sy\/es\/index.php?rest_route=\/wp\/v2\/media\/286127"}],"wp:attachment":[{"href":"https:\/\/archive.sana.sy\/es\/index.php?rest_route=%2Fwp%2Fv2%2Fmedia&parent=286126"}],"wp:term":[{"taxonomy":"category","embeddable":true,"href":"https:\/\/archive.sana.sy\/es\/index.php?rest_route=%2Fwp%2Fv2%2Fcategories&post=286126"},{"taxonomy":"post_tag","embeddable":true,"href":"https:\/\/archive.sana.sy\/es\/index.php?rest_route=%2Fwp%2Fv2%2Ftags&post=286126"}],"curies":[{"name":"wp","href":"https:\/\/api.w.org\/{rel}","templated":true}]}}