{"id":286142,"date":"2023-02-08T15:34:50","date_gmt":"2023-02-08T12:34:50","guid":{"rendered":"http:\/\/107.6.182.27\/es\/?p=286142"},"modified":"2023-02-08T15:34:50","modified_gmt":"2023-02-08T12:34:50","slug":"presidente-al-assad-recibe-mensajes-de-solidaridad-y-apoyo-de-lideres-y-gobernantes-de-paises-arabes-y-extranjeros","status":"publish","type":"post","link":"https:\/\/archive.sana.sy\/es\/?p=286142","title":{"rendered":"Presidente Al-Assad recibe mensajes de solidaridad y apoyo de l\u00edderes y gobernantes de pa\u00edses \u00e1rabes y extranjeros"},"content":{"rendered":"<p style=\"text-align: justify;\"><span style=\"color: #800000;\"><strong>Damasco, 8 feb (SANA)<\/strong><\/span> El presidente Bashar al-Assad, recibi\u00f3 hoy m\u00e1s mensajes de solidaridad y apoyo de los l\u00edderes y gobernantes de pa\u00edses \u00e1rabes y extranjeros, por el terremoto que azot\u00f3 Siria.<\/p>\n<p style=\"text-align: justify;\">El presidente tunecino Kais Saied, expres\u00f3 su sincera solidaridad y expres\u00f3 la disposici\u00f3n de su pa\u00eds de apoyar al pueblo sirio para enfrentar este desastre y brindar ayuda y asistencia fraternal para superar sus impactos.<\/p>\n<p style=\"text-align: justify;\">Mientras el presidente de Nicaragua, Daniel Ortega, expres\u00f3 la solidaridad de su pa\u00eds con el pueblo sirio y su apoyo a los esfuerzos de las instituciones sirias para superar los efectos de este desastre y brindar ayudar a las zonas afectadas.<\/p>\n<p style=\"text-align: justify;\">El presidente de la Rep\u00fablica de Uzbekist\u00e1n, Shavkat Mirziyoyev, ofreci\u00f3 al presidente Al-Assad sus m\u00e1s sinceras condolencias y p\u00e9same a las familias de los muertos y dese\u00f3 a los heridos una pronta recuperaci\u00f3n.<\/p>\n<p style=\"text-align: justify;\">Por su parte, el presidente de la Rep\u00fablica de Abjasia, Aslan Begania, transmiti\u00f3 sus m\u00e1s sinceras condolencias y solidaridad a las familias de las v\u00edctimas del terremoto, y dese\u00f3 una pronta recuperaci\u00f3n de los heridos.<\/p>\n<p style=\"text-align: justify;\">El presidente de la Rep\u00fablica Popular Democr\u00e1tica de Corea, Kim Jong-won, ofreci\u00f3 tambi\u00e9n sus m\u00e1s sentidas condolencias y expres\u00f3 su confianza en que el gobierno y el pueblo sirios superar\u00e1n los da\u00f1os de este desastre.<\/p>\n<p style=\"text-align: justify;\">Su Santidad el Papa Francisco, Papa del Vaticano, expres\u00f3 en su mensaje al presidente al-Assad, su profundo dolor por la gran p\u00e9rdida de vidas que dej\u00f3 el terremoto.<\/p>\n<p style=\"text-align: justify;\">fm\/as<\/p>\n","protected":false},"excerpt":{"rendered":"<p>Damasco, 8 feb (SANA) El presidente Bashar al-Assad, recibi\u00f3 hoy m\u00e1s mensajes de solidaridad y apoyo de los l\u00edderes y gobernantes de pa\u00edses \u00e1rabes y extranjeros, por el terremoto que azot\u00f3 Siria. El presidente tunecino Kais Saied, expres\u00f3 su sincera solidaridad y expres\u00f3 la disposici\u00f3n de su pa\u00eds de apoyar al pueblo sirio para enfrentar &hellip;<\/p>\n","protected":false},"author":42,"featured_media":286143,"comment_status":"closed","ping_status":"closed","sticky":false,"template":"","format":"standard","meta":{"footnotes":""},"categories":[597,20724,467,583],"tags":[],"class_list":["post-286142","post","type-post","status-publish","format-standard","has-post-thumbnail","","category-cinta-de-noticias","category-minuto-a-minuto","category-siria-y-el-mundo","category-slide"],"_links":{"self":[{"href":"https:\/\/archive.sana.sy\/es\/index.php?rest_route=\/wp\/v2\/posts\/286142"}],"collection":[{"href":"https:\/\/archive.sana.sy\/es\/index.php?rest_route=\/wp\/v2\/posts"}],"about":[{"href":"https:\/\/archive.sana.sy\/es\/index.php?rest_route=\/wp\/v2\/types\/post"}],"author":[{"embeddable":true,"href":"https:\/\/archive.sana.sy\/es\/index.php?rest_route=\/wp\/v2\/users\/42"}],"replies":[{"embeddable":true,"href":"https:\/\/archive.sana.sy\/es\/index.php?rest_route=%2Fwp%2Fv2%2Fcomments&post=286142"}],"version-history":[{"count":0,"href":"https:\/\/archive.sana.sy\/es\/index.php?rest_route=\/wp\/v2\/posts\/286142\/revisions"}],"wp:featuredmedia":[{"embeddable":true,"href":"https:\/\/archive.sana.sy\/es\/index.php?rest_route=\/wp\/v2\/media\/286143"}],"wp:attachment":[{"href":"https:\/\/archive.sana.sy\/es\/index.php?rest_route=%2Fwp%2Fv2%2Fmedia&parent=286142"}],"wp:term":[{"taxonomy":"category","embeddable":true,"href":"https:\/\/archive.sana.sy\/es\/index.php?rest_route=%2Fwp%2Fv2%2Fcategories&post=286142"},{"taxonomy":"post_tag","embeddable":true,"href":"https:\/\/archive.sana.sy\/es\/index.php?rest_route=%2Fwp%2Fv2%2Ftags&post=286142"}],"curies":[{"name":"wp","href":"https:\/\/api.w.org\/{rel}","templated":true}]}}