{"id":286145,"date":"2023-02-08T16:02:19","date_gmt":"2023-02-08T13:02:19","guid":{"rendered":"https:\/\/sana.sy\/es\/?p=286145"},"modified":"2023-02-08T16:09:43","modified_gmt":"2023-02-08T13:09:43","slug":"canciller-de-tunez-expresa-solidaridad-con-siria-ante-el-terremoto","status":"publish","type":"post","link":"https:\/\/archive.sana.sy\/es\/?p=286145","title":{"rendered":"Canciller de T\u00fanez expresa solidaridad con Siria ante el terremoto"},"content":{"rendered":"<p style=\"text-align: justify;\"><strong><span style=\"color: #800000;\">Damasco, 8 feb (SANA)<\/span>\u00a0<\/strong> El canciller sirio Faisal al-Mekdad, recibi\u00f3 una llamada telef\u00f3nica del Ministro de Asuntos Exteriores, Inmigraci\u00f3n y Tunecinos en el Exterior, Nabil Ammar, quien expres\u00f3 las condolencias del presidente tunecino Kais Said y del pueblo tunecino a Siria por el violento terremoto que golpe\u00f3 a varias provincias sirias.<\/p>\n<p style=\"text-align: justify;\">Ammar se\u00f1al\u00f3 que su pa\u00eds ofreci\u00f3 asistencia para aliviar el sufrimiento humano del pueblo sirio.<\/p>\n<p style=\"text-align: justify;\">A su vez, Al-Mekdad expres\u00f3 su agradecimiento por la profunda solidaridad expresada por la Rep\u00fablica de T\u00fanez, y apreci\u00f3 este respaldo para enfrentar las repercusiones de este desastre natural.<\/p>\n<p style=\"text-align: justify;\"><em><strong>ws\/fm<\/strong><\/em><\/p>\n","protected":false},"excerpt":{"rendered":"<p>Damasco, 8 feb (SANA)\u00a0 El canciller sirio Faisal al-Mekdad, recibi\u00f3 una llamada telef\u00f3nica del Ministro de Asuntos Exteriores, Inmigraci\u00f3n y Tunecinos en el Exterior, Nabil Ammar, quien expres\u00f3 las condolencias del presidente tunecino Kais Said y del pueblo tunecino a Siria por el violento terremoto que golpe\u00f3 a varias provincias sirias. Ammar se\u00f1al\u00f3 que su &hellip;<\/p>\n","protected":false},"author":35,"featured_media":286146,"comment_status":"closed","ping_status":"closed","sticky":false,"template":"","format":"standard","meta":{"footnotes":""},"categories":[477,447,597,20724,476,7541],"tags":[],"class_list":["post-286145","post","type-post","status-publish","format-standard","has-post-thumbnail","","category-noticias-edulcorantes","category-local-politica","category-cinta-de-noticias","category-minuto-a-minuto","category-locales","category-ultimas-noticias"],"_links":{"self":[{"href":"https:\/\/archive.sana.sy\/es\/index.php?rest_route=\/wp\/v2\/posts\/286145"}],"collection":[{"href":"https:\/\/archive.sana.sy\/es\/index.php?rest_route=\/wp\/v2\/posts"}],"about":[{"href":"https:\/\/archive.sana.sy\/es\/index.php?rest_route=\/wp\/v2\/types\/post"}],"author":[{"embeddable":true,"href":"https:\/\/archive.sana.sy\/es\/index.php?rest_route=\/wp\/v2\/users\/35"}],"replies":[{"embeddable":true,"href":"https:\/\/archive.sana.sy\/es\/index.php?rest_route=%2Fwp%2Fv2%2Fcomments&post=286145"}],"version-history":[{"count":0,"href":"https:\/\/archive.sana.sy\/es\/index.php?rest_route=\/wp\/v2\/posts\/286145\/revisions"}],"wp:featuredmedia":[{"embeddable":true,"href":"https:\/\/archive.sana.sy\/es\/index.php?rest_route=\/wp\/v2\/media\/286146"}],"wp:attachment":[{"href":"https:\/\/archive.sana.sy\/es\/index.php?rest_route=%2Fwp%2Fv2%2Fmedia&parent=286145"}],"wp:term":[{"taxonomy":"category","embeddable":true,"href":"https:\/\/archive.sana.sy\/es\/index.php?rest_route=%2Fwp%2Fv2%2Fcategories&post=286145"},{"taxonomy":"post_tag","embeddable":true,"href":"https:\/\/archive.sana.sy\/es\/index.php?rest_route=%2Fwp%2Fv2%2Ftags&post=286145"}],"curies":[{"name":"wp","href":"https:\/\/api.w.org\/{rel}","templated":true}]}}