{"id":286171,"date":"2023-02-08T18:49:26","date_gmt":"2023-02-08T15:49:26","guid":{"rendered":"http:\/\/107.6.182.27\/es\/?p=286171"},"modified":"2023-02-08T18:59:50","modified_gmt":"2023-02-08T15:59:50","slug":"trabajadores-de-siria-piden-fin-del-bloqueo","status":"publish","type":"post","link":"https:\/\/archive.sana.sy\/es\/?p=286171","title":{"rendered":"Trabajadores de Siria piden fin del bloqueo"},"content":{"rendered":"<p style=\"text-align: justify;\"><span style=\"color: #800000;\"><strong>Damasco, 8 feb (SANA)\u00a0<\/strong> <\/span>\u00a0La Confederaci\u00f3n de Sindicatos de Trabajadores de Siria hizo un llamado a las Naciones Unidas, a la Organizaci\u00f3n Internacional del Trabajo y a todas las organizaciones de trabajadores del mundo para que apoyen a los afectados por el devastador terremoto que asol\u00f3 el pa\u00eds, y para que presionen a fin de levantar el bloqueo impuesto por los pa\u00edses occidentales al pueblo sirio.<\/p>\n<p style=\"text-align: justify;\">En un comunicado que lleg\u00f3 a nuestra redacci\u00f3n, la Confederaci\u00f3n inst\u00f3 a todas las personas libres del mundo para que defiendan la humanidad y se unan al pueblo sirio con su apoyo y asistencia en estas circunstancias excepcionales.<\/p>\n<p style=\"text-align: justify;\">Expres\u00f3 su agradecimiento y aprecio a todas las organizaciones sindicales en los pa\u00edses \u00e1rabes y en el mundo por expresar su solidaridad con el sufrimiento del pueblo sirio como consecuencia del devastador terremoto.<\/p>\n<p>fm\/rr<\/p>\n<p>&nbsp;<\/p>\n<p style=\"text-align: justify;\">\n","protected":false},"excerpt":{"rendered":"<p>Damasco, 8 feb (SANA)\u00a0 \u00a0La Confederaci\u00f3n de Sindicatos de Trabajadores de Siria hizo un llamado a las Naciones Unidas, a la Organizaci\u00f3n Internacional del Trabajo y a todas las organizaciones de trabajadores del mundo para que apoyen a los afectados por el devastador terremoto que asol\u00f3 el pa\u00eds, y para que presionen a fin de &hellip;<\/p>\n","protected":false},"author":31,"featured_media":286178,"comment_status":"closed","ping_status":"closed","sticky":false,"template":"","format":"standard","meta":{"footnotes":""},"categories":[597,476],"tags":[20350,6553,17700],"class_list":["post-286171","post","type-post","status-publish","format-standard","has-post-thumbnail","","category-cinta-de-noticias","category-locales","tag-sanciones","tag-siria","tag-terremoto"],"_links":{"self":[{"href":"https:\/\/archive.sana.sy\/es\/index.php?rest_route=\/wp\/v2\/posts\/286171"}],"collection":[{"href":"https:\/\/archive.sana.sy\/es\/index.php?rest_route=\/wp\/v2\/posts"}],"about":[{"href":"https:\/\/archive.sana.sy\/es\/index.php?rest_route=\/wp\/v2\/types\/post"}],"author":[{"embeddable":true,"href":"https:\/\/archive.sana.sy\/es\/index.php?rest_route=\/wp\/v2\/users\/31"}],"replies":[{"embeddable":true,"href":"https:\/\/archive.sana.sy\/es\/index.php?rest_route=%2Fwp%2Fv2%2Fcomments&post=286171"}],"version-history":[{"count":0,"href":"https:\/\/archive.sana.sy\/es\/index.php?rest_route=\/wp\/v2\/posts\/286171\/revisions"}],"wp:featuredmedia":[{"embeddable":true,"href":"https:\/\/archive.sana.sy\/es\/index.php?rest_route=\/wp\/v2\/media\/286178"}],"wp:attachment":[{"href":"https:\/\/archive.sana.sy\/es\/index.php?rest_route=%2Fwp%2Fv2%2Fmedia&parent=286171"}],"wp:term":[{"taxonomy":"category","embeddable":true,"href":"https:\/\/archive.sana.sy\/es\/index.php?rest_route=%2Fwp%2Fv2%2Fcategories&post=286171"},{"taxonomy":"post_tag","embeddable":true,"href":"https:\/\/archive.sana.sy\/es\/index.php?rest_route=%2Fwp%2Fv2%2Ftags&post=286171"}],"curies":[{"name":"wp","href":"https:\/\/api.w.org\/{rel}","templated":true}]}}